{"id":136859,"date":"2018-01-30T13:24:41","date_gmt":"2018-01-30T11:24:41","guid":{"rendered":"https:\/\/www.sana.sy\/tr\/?p=136859"},"modified":"2018-01-31T16:33:54","modified_gmt":"2018-01-31T14:33:54","slug":"suriyenin-anayasasi-suriye-halki-tarafindan-belirlenecek","status":"publish","type":"post","link":"https:\/\/archive.sana.sy\/tr\/?p=136859","title":{"rendered":"Suriye&#8217;nin Anayasas\u0131 Suriye Halk\u0131 Taraf\u0131ndan Belirlenecek"},"content":{"rendered":"<p>SO\u00c7\u0130 \u2013 Rus Bilimsel Akademisine tabi Oryantal Bilimler Enstit\u00fcs\u00fc Bilimsel Denetmeni Vitaly Naumkin So\u00e7i\u2019de d\u00fczenlenen Suriye Ulusal Diyalog Kongresinin uluslar aras\u0131 b\u00fcy\u00fck bir destekle organize edilip amac\u0131n\u0131n Cenevre s\u00fcrecini desteklemek oldu\u011funu belirtti.<\/p>\n<p>Naumkin bug\u00fcn So\u00e7i\u2019de d\u00fczenledi\u011fi bas\u0131n konferans\u0131nda Suriye&#8217;de anayasa ve daha ba\u015fka meselelerin sadece ve sadece Suriye halk\u0131 taraf\u0131ndan belirlenece\u011finin alt\u0131n\u0131 \u00e7izdi.<\/p>\n<p>Bir k\u0131s\u0131m taraflar\u0131n So\u00e7i Kongresine kat\u0131lmamalar\u0131n\u0131n bu kongrenin \u00f6nem, gidi\u015fat ve sonu\u00e7lar\u0131n\u0131 etkilemeyece\u011fini belirten Naumkin; kimi taraflar\u0131n da kongreyi sabote etme \u00e7abalar\u0131n\u0131n da mevcut olup bu konuda ba\u015far\u0131l\u0131 olamayacaklar\u0131na i\u015faret etti.<\/p>\n","protected":false},"excerpt":{"rendered":"<p>SO\u00c7\u0130 \u2013 Rus Bilimsel Akademisine tabi Oryantal Bilimler Enstit\u00fcs\u00fc Bilimsel Denetmeni Vitaly Naumkin So\u00e7i\u2019de d\u00fczenlenen Suriye Ulusal Diyalog Kongresinin uluslar aras\u0131 b\u00fcy\u00fck bir destekle organize edilip amac\u0131n\u0131n Cenevre s\u00fcrecini desteklemek oldu\u011funu belirtti. Naumkin bug\u00fcn So\u00e7i\u2019de d\u00fczenledi\u011fi bas\u0131n konferans\u0131nda Suriye&#8217;de anayasa ve daha ba\u015fka meselelerin sadece ve sadece Suriye halk\u0131 taraf\u0131ndan belirlenece\u011finin alt\u0131n\u0131 \u00e7izdi. Bir k\u0131s\u0131m &hellip;<\/p>\n","protected":false},"author":1,"featured_media":136863,"comment_status":"closed","ping_status":"closed","sticky":false,"template":"","format":"standard","meta":{"footnotes":""},"categories":[458,459,17988],"tags":[34693,13043,34702,31883],"class_list":["post-136859","post","type-post","status-publish","format-standard","has-post-thumbnail","","category-dunya1","category-haberler-arap-uluslararasi-politika","category-son-haberler","tag-soci-kongresi","tag-suriye-halki","tag-suriye-suriye-anayasasi","tag-vitaly-naumkin"],"_links":{"self":[{"href":"https:\/\/archive.sana.sy\/tr\/index.php?rest_route=\/wp\/v2\/posts\/136859","targetHints":{"allow":["GET"]}}],"collection":[{"href":"https:\/\/archive.sana.sy\/tr\/index.php?rest_route=\/wp\/v2\/posts"}],"about":[{"href":"https:\/\/archive.sana.sy\/tr\/index.php?rest_route=\/wp\/v2\/types\/post"}],"author":[{"embeddable":true,"href":"https:\/\/archive.sana.sy\/tr\/index.php?rest_route=\/wp\/v2\/users\/1"}],"replies":[{"embeddable":true,"href":"https:\/\/archive.sana.sy\/tr\/index.php?rest_route=%2Fwp%2Fv2%2Fcomments&post=136859"}],"version-history":[{"count":0,"href":"https:\/\/archive.sana.sy\/tr\/index.php?rest_route=\/wp\/v2\/posts\/136859\/revisions"}],"wp:featuredmedia":[{"embeddable":true,"href":"https:\/\/archive.sana.sy\/tr\/index.php?rest_route=\/wp\/v2\/media\/136863"}],"wp:attachment":[{"href":"https:\/\/archive.sana.sy\/tr\/index.php?rest_route=%2Fwp%2Fv2%2Fmedia&parent=136859"}],"wp:term":[{"taxonomy":"category","embeddable":true,"href":"https:\/\/archive.sana.sy\/tr\/index.php?rest_route=%2Fwp%2Fv2%2Fcategories&post=136859"},{"taxonomy":"post_tag","embeddable":true,"href":"https:\/\/archive.sana.sy\/tr\/index.php?rest_route=%2Fwp%2Fv2%2Ftags&post=136859"}],"curies":[{"name":"wp","href":"https:\/\/api.w.org\/{rel}","templated":true}]}}