{"id":136862,"date":"2018-01-30T13:51:19","date_gmt":"2018-01-30T11:51:19","guid":{"rendered":"https:\/\/www.sana.sy\/tr\/?p=136862"},"modified":"2018-01-31T16:32:17","modified_gmt":"2018-01-31T14:32:17","slug":"amac-genclere-tesvik-ve-destek","status":"publish","type":"post","link":"https:\/\/archive.sana.sy\/tr\/?p=136862","title":{"rendered":"Ama\u00e7 Gen\u00e7lere Te\u015fvik ve Destek"},"content":{"rendered":"<p>\u015eAM \u2013 Badir Kalk\u0131nsal Projesi bug\u00fcn; gen\u00e7lere sosyal ve ekonomik destek ve te\u015fvik ba\u011flam\u0131nda gen\u00e7lerin \u00fcretimi olan el i\u015flemelerinin sat\u0131ld\u0131\u011f\u0131 bir merkezin a\u00e7\u0131l\u0131\u015f\u0131n\u0131 yapt\u0131.<\/p>\n<p>Proje M\u00fcd\u00fcr\u00fc Abd\u00fclhafiyz Kasti; gen\u00e7lere i\u015f f\u0131rsatlar\u0131 yaratma amac\u0131yla organize etti\u011fi el sanatlar\u0131 ve mesleki e\u011fitim kurslar\u0131 ard\u0131ndan haz\u0131rlad\u0131klar\u0131 \u00fcr\u00fcnlerin sat\u0131\u015f\u0131nda da yard\u0131m ve destekte bulunma ama\u00e7l\u0131 olarak a\u00e7t\u0131klar\u0131n\u0131 belirtti.<\/p>\n<p>Kasti projenin gen\u00e7lere geleneksel sanatlar ve modern meslek e\u011fitimi sa\u011flad\u0131\u011f\u0131na dikkat \u00e7ekerken, el yap\u0131m\u0131 hal\u0131 i\u015fleme, y\u00fcn i\u015flemecili\u011fi ve dokuma, araba tamiri, bilgisayar tamiri, cep telefonlar\u0131 onar\u0131m\u0131, \u00e7evresel at\u0131klardan da s\u00fcs ve dekor yapma sanatlar\u0131n\u0131n \u00f6\u011fretildi\u011fini a\u00e7\u0131klad\u0131.<\/p>\n","protected":false},"excerpt":{"rendered":"<p>\u015eAM \u2013 Badir Kalk\u0131nsal Projesi bug\u00fcn; gen\u00e7lere sosyal ve ekonomik destek ve te\u015fvik ba\u011flam\u0131nda gen\u00e7lerin \u00fcretimi olan el i\u015flemelerinin sat\u0131ld\u0131\u011f\u0131 bir merkezin a\u00e7\u0131l\u0131\u015f\u0131n\u0131 yapt\u0131. Proje M\u00fcd\u00fcr\u00fc Abd\u00fclhafiyz Kasti; gen\u00e7lere i\u015f f\u0131rsatlar\u0131 yaratma amac\u0131yla organize etti\u011fi el sanatlar\u0131 ve mesleki e\u011fitim kurslar\u0131 ard\u0131ndan haz\u0131rlad\u0131klar\u0131 \u00fcr\u00fcnlerin sat\u0131\u015f\u0131nda da yard\u0131m ve destekte bulunma ama\u00e7l\u0131 olarak a\u00e7t\u0131klar\u0131n\u0131 belirtti. Kasti &hellip;<\/p>\n","protected":false},"author":1,"featured_media":136866,"comment_status":"closed","ping_status":"closed","sticky":false,"template":"","format":"standard","meta":{"footnotes":""},"categories":[526,541,479,17988,525,538,478],"tags":[18417,34703,34704,27584,16591],"class_list":["post-136862","post","type-post","status-publish","format-standard","has-post-thumbnail","","category-haber-ve-raporlar","category-haberler","category-haberler-yerel","category-son-haberler","category-toplum","category-yasam","category-yerel","tag-gencler","tag-genclere-destek","tag-genclere-tesvik","tag-mesleki-egitim","tag-suriye"],"_links":{"self":[{"href":"https:\/\/archive.sana.sy\/tr\/index.php?rest_route=\/wp\/v2\/posts\/136862","targetHints":{"allow":["GET"]}}],"collection":[{"href":"https:\/\/archive.sana.sy\/tr\/index.php?rest_route=\/wp\/v2\/posts"}],"about":[{"href":"https:\/\/archive.sana.sy\/tr\/index.php?rest_route=\/wp\/v2\/types\/post"}],"author":[{"embeddable":true,"href":"https:\/\/archive.sana.sy\/tr\/index.php?rest_route=\/wp\/v2\/users\/1"}],"replies":[{"embeddable":true,"href":"https:\/\/archive.sana.sy\/tr\/index.php?rest_route=%2Fwp%2Fv2%2Fcomments&post=136862"}],"version-history":[{"count":0,"href":"https:\/\/archive.sana.sy\/tr\/index.php?rest_route=\/wp\/v2\/posts\/136862\/revisions"}],"wp:featuredmedia":[{"embeddable":true,"href":"https:\/\/archive.sana.sy\/tr\/index.php?rest_route=\/wp\/v2\/media\/136866"}],"wp:attachment":[{"href":"https:\/\/archive.sana.sy\/tr\/index.php?rest_route=%2Fwp%2Fv2%2Fmedia&parent=136862"}],"wp:term":[{"taxonomy":"category","embeddable":true,"href":"https:\/\/archive.sana.sy\/tr\/index.php?rest_route=%2Fwp%2Fv2%2Fcategories&post=136862"},{"taxonomy":"post_tag","embeddable":true,"href":"https:\/\/archive.sana.sy\/tr\/index.php?rest_route=%2Fwp%2Fv2%2Ftags&post=136862"}],"curies":[{"name":"wp","href":"https:\/\/api.w.org\/{rel}","templated":true}]}}