{"id":136865,"date":"2018-01-30T14:01:08","date_gmt":"2018-01-30T12:01:08","guid":{"rendered":"https:\/\/www.sana.sy\/tr\/?p=136865"},"modified":"2018-01-31T16:32:06","modified_gmt":"2018-01-31T14:32:06","slug":"erdogan-gucleri-sivilleri-bombalamaya-devam-ediyor","status":"publish","type":"post","link":"https:\/\/archive.sana.sy\/tr\/?p=136865","title":{"rendered":"Erdo\u011fan G\u00fc\u00e7leri Sivilleri Bombalamaya Devam Ediyor"},"content":{"rendered":"<p>HALEP \u2013 Erdo\u011fan rejimine tabi g\u00fc\u00e7lerin Halep Kentinin 63 km kuzeyinde yer alan Afrin B\u00f6lgesinde sivil yerle\u015fim alanlar\u0131, hizmet kurumlar\u0131 ve altyap\u0131ya muhtelif t\u00fcr silahlarla bombard\u0131man\u0131 devam ederken sivil vatanda\u015flar\u0131n saflar\u0131nda isabetler de art\u0131yor.<\/p>\n<p>Yerel kaynaklar SANA\u2019ya a\u00e7\u0131klamalar\u0131nda; Erdo\u011fan g\u00fc\u00e7lerinin s\u0131n\u0131ra yak\u0131n d\u00fc\u015fen Sennara K\u00f6y\u00fcn\u00fc top ve makineli a\u011f\u0131r silahlarla ate\u015f ya\u011fmuruna tutmalar\u0131 sonucunda 80 ya\u015flar\u0131nda bir sivil vatanda\u015f\u0131n \u015fehit d\u00fc\u015ft\u00fc\u011f\u00fcn\u00fc aktard\u0131.<\/p>\n<p>Erdo\u011fan g\u00fc\u00e7lerinin Afrin B\u00f6lgesinin kuzey u\u00e7lar\u0131nda yer alan B\u00fclb\u00fcl Beldesi ve \u011e\u0131r Da\u011f\u0131na bombard\u0131man\u0131n\u0131 s\u00fcrd\u00fcrd\u00fcklerini ifade eden kaynaklar; sivil evlerde b\u00fcy\u00fck hasar\u0131n meydana gelmesine ilaveten bir sivil vatanda\u015f\u0131n yaraland\u0131\u011f\u0131n\u0131 s\u00f6yledi.<\/p>\n<p>Kaynaklar Erdo\u011fan g\u00fc\u00e7lerinin Afrin B\u00f6lgesinde okul, sa\u011fl\u0131k merkezleri ve benzeri hizmet kurumlar\u0131 ve altyap\u0131s\u0131n\u0131 kas\u0131tl\u0131 ve sistematik bir \u015fekilde hedef alarak sivil vatanda\u015flar\u0131n ya\u015famlar\u0131na kar\u015f\u0131 k\u00f6t\u00fc bir insani duruma yol a\u00e7t\u0131klar\u0131n\u0131n alt\u0131n\u0131 \u00e7izdi.<\/p>\n","protected":false},"excerpt":{"rendered":"<p>HALEP \u2013 Erdo\u011fan rejimine tabi g\u00fc\u00e7lerin Halep Kentinin 63 km kuzeyinde yer alan Afrin B\u00f6lgesinde sivil yerle\u015fim alanlar\u0131, hizmet kurumlar\u0131 ve altyap\u0131ya muhtelif t\u00fcr silahlarla bombard\u0131man\u0131 devam ederken sivil vatanda\u015flar\u0131n saflar\u0131nda isabetler de art\u0131yor. Yerel kaynaklar SANA\u2019ya a\u00e7\u0131klamalar\u0131nda; Erdo\u011fan g\u00fc\u00e7lerinin s\u0131n\u0131ra yak\u0131n d\u00fc\u015fen Sennara K\u00f6y\u00fcn\u00fc top ve makineli a\u011f\u0131r silahlarla ate\u015f ya\u011fmuruna tutmalar\u0131 sonucunda 80 &hellip;<\/p>\n","protected":false},"author":1,"featured_media":136869,"comment_status":"closed","ping_status":"closed","sticky":false,"template":"","format":"standard","meta":{"footnotes":""},"categories":[479,575,17988,2554,2555,478],"tags":[4096,9401,16591,19314,24281,34554],"class_list":["post-136865","post","type-post","status-publish","format-standard","has-post-thumbnail","","category-haberler-yerel","category-olaylar-ve-gercekler","category-son-haberler","category-suriye-ve-dunya","category-suriye-ve-turkiye","category-yerel","tag-afrin","tag-erdogan","tag-suriye","tag-suriyeye-saldiri","tag-turk-ordusu","tag-zeytin-dali-operasyonu"],"_links":{"self":[{"href":"https:\/\/archive.sana.sy\/tr\/index.php?rest_route=\/wp\/v2\/posts\/136865","targetHints":{"allow":["GET"]}}],"collection":[{"href":"https:\/\/archive.sana.sy\/tr\/index.php?rest_route=\/wp\/v2\/posts"}],"about":[{"href":"https:\/\/archive.sana.sy\/tr\/index.php?rest_route=\/wp\/v2\/types\/post"}],"author":[{"embeddable":true,"href":"https:\/\/archive.sana.sy\/tr\/index.php?rest_route=\/wp\/v2\/users\/1"}],"replies":[{"embeddable":true,"href":"https:\/\/archive.sana.sy\/tr\/index.php?rest_route=%2Fwp%2Fv2%2Fcomments&post=136865"}],"version-history":[{"count":0,"href":"https:\/\/archive.sana.sy\/tr\/index.php?rest_route=\/wp\/v2\/posts\/136865\/revisions"}],"wp:featuredmedia":[{"embeddable":true,"href":"https:\/\/archive.sana.sy\/tr\/index.php?rest_route=\/wp\/v2\/media\/136869"}],"wp:attachment":[{"href":"https:\/\/archive.sana.sy\/tr\/index.php?rest_route=%2Fwp%2Fv2%2Fmedia&parent=136865"}],"wp:term":[{"taxonomy":"category","embeddable":true,"href":"https:\/\/archive.sana.sy\/tr\/index.php?rest_route=%2Fwp%2Fv2%2Fcategories&post=136865"},{"taxonomy":"post_tag","embeddable":true,"href":"https:\/\/archive.sana.sy\/tr\/index.php?rest_route=%2Fwp%2Fv2%2Ftags&post=136865"}],"curies":[{"name":"wp","href":"https:\/\/api.w.org\/{rel}","templated":true}]}}