{"id":136957,"date":"2018-01-31T12:40:11","date_gmt":"2018-01-31T10:40:11","guid":{"rendered":"https:\/\/www.sana.sy\/tr\/?p=136957"},"modified":"2018-02-01T09:30:54","modified_gmt":"2018-02-01T07:30:54","slug":"suriye-hindistan-calisma-konseyi-yakinda-toplanacak","status":"publish","type":"post","link":"https:\/\/archive.sana.sy\/tr\/?p=136957","title":{"rendered":"Suriye Hindistan \u00c7al\u0131\u015fma Konseyi Yak\u0131nda Toplanacak (video)"},"content":{"rendered":"<p>\u015eAM \u2013 Hindistan&#8217;\u0131n \u015eam B\u00fcy\u00fckel\u00e7isi Man Mohan Bhanot; Suriye&#8217;nin yeniden yap\u0131land\u0131r\u0131lmas\u0131nda iki \u00fclke aras\u0131nda etkin i\u015fbirli\u011fi ve ortak \u00e7al\u0131\u015fmalar\u0131n geni\u015fletilmesi y\u00f6n\u00fcnde ortak bir arzu ve \u00f6zene sahip olduklar\u0131n\u0131 belirtti.<\/p>\n<p>Hindistan\u2019\u0131n \u0130ngiliz i\u015fgalinden kurtulmas\u0131n\u0131n 70. Y\u0131ld\u00f6n\u00fcm\u00fc m\u00fcnasebetiyle SANA\u2019ya deme\u00e7 veren Bhanot; Hindistan\u2019\u0131n Suriye ile g\u00fc\u00e7l\u00fc dostluk ili\u015fkilerine b\u00fcy\u00fck \u00f6zen g\u00f6sterdi\u011fini, bu ili\u015fkileri \u00f6n\u00fcm\u00fczdeki s\u00fcre\u00e7 i\u00e7inde muhtelif alanlarda geni\u015fletece\u011fini kaydetti.<\/p>\n<p><a href=\"https:\/\/www.sana.sy\/tr\/wp-content\/uploads\/2018\/01\/0-27.jpg\"><img loading=\"lazy\" decoding=\"async\" class=\"alignright wp-image-136959 size-medium\" src=\"https:\/\/www.sana.sy\/tr\/wp-content\/uploads\/2018\/01\/0-27-300x150.jpg\" alt=\"\" width=\"300\" height=\"150\" srcset=\"https:\/\/archive.sana.sy\/tr\/wp-content\/uploads\/2018\/01\/0-27-300x150.jpg 300w, https:\/\/archive.sana.sy\/tr\/wp-content\/uploads\/2018\/01\/0-27-150x75.jpg 150w, https:\/\/archive.sana.sy\/tr\/wp-content\/uploads\/2018\/01\/0-27.jpg 660w\" sizes=\"auto, (max-width: 300px) 100vw, 300px\" \/><\/a>Bhanot Hindistan ile Suriye aras\u0131ndaki ili\u015fkilerin \u00fc\u00e7 a\u015famadan ge\u00e7ti\u011fine dikkat \u00e7ekerken ilk a\u015faman\u0131n sadece ekonomik ve ticari ili\u015fkilerden ibaret oldu\u011funu s\u00f6yledi. \u0130kinci a\u015faman\u0131n ise 1952 y\u0131l\u0131nda imzalanan dostluk ve ticari al\u0131\u015fveri\u015f anla\u015fmas\u0131yla peki\u015fti\u011fini ifade eden Bhanot; anla\u015fma ard\u0131ndan kar\u015f\u0131l\u0131kl\u0131 resmi ziyaretlerin peki\u015fti\u011fini, ili\u015fkilerin de muhtelif alanlarda geli\u015ftirildi\u011fini kaydetti.<\/p>\n<p>Hindistan B\u00fcy\u00fckel\u00e7isi Bhanot iki \u00fclke aras\u0131ndaki ili\u015fkilerin \u00fc\u00e7\u00fcnc\u00fc s\u00fcrecinin ise 2011 y\u0131l\u0131n\u0131n Mart ay\u0131nda Suriye&#8217;de krizle birlikte ba\u015flad\u0131\u011f\u0131n\u0131 belirtti. Bu s\u00fcre\u00e7te ger\u00e7ek dostluk ili\u015fkilerinin s\u0131nand\u0131\u011f\u0131na i\u015faret eden Bhanot; Hindistan\u2019\u0131n Suriye&#8217;yi destekleyen ilkeli ve hikmetli bir tutum sergiledi\u011fini kaydetti.<\/p>\n<p>Bhanot Suriyeli ve Hindistanl\u0131 i\u015fadamlar\u0131n\u0131n da ortak \u00e7al\u0131\u015fma ve deneyim al\u0131\u015fveri\u015finde kar\u015f\u0131l\u0131kl\u0131 olarak b\u00fcy\u00fck bir ilgi g\u00f6sterdiklerine dikkat \u00e7ekti. \u00d6n\u00fcm\u00fczdeki s\u00fcre\u00e7 i\u00e7inde ortak yat\u0131r\u0131m ve i\u015fbirli\u011finin geli\u015ftirilmesi i\u00e7in gerekli icraatlar\u0131n al\u0131naca\u011f\u0131n\u0131 ve i\u015flemlerin kolayla\u015ft\u0131r\u0131laca\u011f\u0131na i\u015faret eden Bhanot; Suriye Hindistan \u0130\u015f Konseyinin da yak\u0131n bir s\u00fcre i\u00e7inde toplanaca\u011f\u0131n\u0131 belirtti.<\/p>\n<p>https:\/\/www.youtube.com\/watch?v=iREgNAlW3N4<\/p>\n","protected":false},"excerpt":{"rendered":"<p>\u015eAM \u2013 Hindistan&#8217;\u0131n \u015eam B\u00fcy\u00fckel\u00e7isi Man Mohan Bhanot; Suriye&#8217;nin yeniden yap\u0131land\u0131r\u0131lmas\u0131nda iki \u00fclke aras\u0131nda etkin i\u015fbirli\u011fi ve ortak \u00e7al\u0131\u015fmalar\u0131n geni\u015fletilmesi y\u00f6n\u00fcnde ortak bir arzu ve \u00f6zene sahip olduklar\u0131n\u0131 belirtti. Hindistan\u2019\u0131n \u0130ngiliz i\u015fgalinden kurtulmas\u0131n\u0131n 70. Y\u0131ld\u00f6n\u00fcm\u00fc m\u00fcnasebetiyle SANA\u2019ya deme\u00e7 veren Bhanot; Hindistan\u2019\u0131n Suriye ile g\u00fc\u00e7l\u00fc dostluk ili\u015fkilerine b\u00fcy\u00fck \u00f6zen g\u00f6sterdi\u011fini, bu ili\u015fkileri \u00f6n\u00fcm\u00fczdeki s\u00fcre\u00e7 i\u00e7inde muhtelif &hellip;<\/p>\n","protected":false},"author":1,"featured_media":136960,"comment_status":"closed","ping_status":"closed","sticky":false,"template":"","format":"standard","meta":{"footnotes":""},"categories":[479,17988,478],"tags":[34708,19693,22181],"class_list":["post-136957","post","type-post","status-publish","format-standard","has-post-thumbnail","","category-haberler-yerel","category-son-haberler","category-yerel","tag-hindistan-ve-suriye","tag-sam-buyukelcisi","tag-suriyeliler"],"_links":{"self":[{"href":"https:\/\/archive.sana.sy\/tr\/index.php?rest_route=\/wp\/v2\/posts\/136957","targetHints":{"allow":["GET"]}}],"collection":[{"href":"https:\/\/archive.sana.sy\/tr\/index.php?rest_route=\/wp\/v2\/posts"}],"about":[{"href":"https:\/\/archive.sana.sy\/tr\/index.php?rest_route=\/wp\/v2\/types\/post"}],"author":[{"embeddable":true,"href":"https:\/\/archive.sana.sy\/tr\/index.php?rest_route=\/wp\/v2\/users\/1"}],"replies":[{"embeddable":true,"href":"https:\/\/archive.sana.sy\/tr\/index.php?rest_route=%2Fwp%2Fv2%2Fcomments&post=136957"}],"version-history":[{"count":0,"href":"https:\/\/archive.sana.sy\/tr\/index.php?rest_route=\/wp\/v2\/posts\/136957\/revisions"}],"wp:featuredmedia":[{"embeddable":true,"href":"https:\/\/archive.sana.sy\/tr\/index.php?rest_route=\/wp\/v2\/media\/136960"}],"wp:attachment":[{"href":"https:\/\/archive.sana.sy\/tr\/index.php?rest_route=%2Fwp%2Fv2%2Fmedia&parent=136957"}],"wp:term":[{"taxonomy":"category","embeddable":true,"href":"https:\/\/archive.sana.sy\/tr\/index.php?rest_route=%2Fwp%2Fv2%2Fcategories&post=136957"},{"taxonomy":"post_tag","embeddable":true,"href":"https:\/\/archive.sana.sy\/tr\/index.php?rest_route=%2Fwp%2Fv2%2Ftags&post=136957"}],"curies":[{"name":"wp","href":"https:\/\/api.w.org\/{rel}","templated":true}]}}