{"id":136963,"date":"2018-01-31T13:11:26","date_gmt":"2018-01-31T11:11:26","guid":{"rendered":"https:\/\/www.sana.sy\/tr\/?p=136963"},"modified":"2018-02-01T09:30:49","modified_gmt":"2018-02-01T07:30:49","slug":"rakka-kirsalinin-guneyine-50-kamyon-insani-yardim-ulastirildi","status":"publish","type":"post","link":"https:\/\/archive.sana.sy\/tr\/?p=136963","title":{"rendered":"Rakka K\u0131rsal\u0131n\u0131n G\u00fcneyine 50 Kamyon \u0130nsani Yard\u0131m Ula\u015ft\u0131r\u0131ld\u0131"},"content":{"rendered":"<p>RAKKA \u2013 Suriye K\u0131z\u0131lay \u00d6rg\u00fct\u00fc, Rakka k\u0131rsal\u0131n\u0131n g\u00fcneyinde ordu birliklerimizin kurtard\u0131\u011f\u0131 yerle\u015fim alanlar\u0131na d\u00f6nen vatanda\u015flara insani yard\u0131m konvoyu ula\u015ft\u0131rd\u0131.<a href=\"https:\/\/www.sana.sy\/tr\/wp-content\/uploads\/2018\/01\/1-243.jpg\"><img loading=\"lazy\" decoding=\"async\" class=\"alignright wp-image-136966 size-medium\" src=\"https:\/\/www.sana.sy\/tr\/wp-content\/uploads\/2018\/01\/1-243-300x150.jpg\" alt=\"\" width=\"300\" height=\"150\" srcset=\"https:\/\/archive.sana.sy\/tr\/wp-content\/uploads\/2018\/01\/1-243-300x150.jpg 300w, https:\/\/archive.sana.sy\/tr\/wp-content\/uploads\/2018\/01\/1-243-150x75.jpg 150w, https:\/\/archive.sana.sy\/tr\/wp-content\/uploads\/2018\/01\/1-243.jpg 660w\" sizes=\"auto, (max-width: 300px) 100vw, 300px\" \/><\/a><\/p>\n<p>K\u0131z\u0131lay \u00d6rg\u00fct\u00fc SANA\u2019n\u0131n bir n\u00fcshas\u0131n\u0131 ald\u0131\u011f\u0131 b\u00fclteninde; K\u0131z\u0131lay ekiplerinin Rakka k\u0131rsal\u0131n\u0131n g\u00fcneyinde evlerine d\u00f6nen vatanda\u015flara destek ve yard\u0131m ama\u00e7l\u0131 olarak muhtelif t\u00fcr g\u0131da \u00fcr\u00fcnleri ve daha ba\u015fka yard\u0131mlar ta\u015f\u0131yan 50 kamyondan ibaret bir konvoyu ula\u015ft\u0131rd\u0131klar\u0131n\u0131 belirtti. Beyanda 30 binden fazla vatanda\u015f\u0131n faydalanaca\u011f\u0131 yard\u0131mlar i\u00e7inde mutfak gere\u00e7leri, yatak, yorgan, battaniye ve \u00e7ad\u0131r gibi bar\u0131nak gereksinimlerine k olarak elektrik enerjisi temini i\u00e7in gerekli ekipmanlar da bulundu\u011funa dikkat \u00e7ekildi.<\/p>\n","protected":false},"excerpt":{"rendered":"<p>RAKKA \u2013 Suriye K\u0131z\u0131lay \u00d6rg\u00fct\u00fc, Rakka k\u0131rsal\u0131n\u0131n g\u00fcneyinde ordu birliklerimizin kurtard\u0131\u011f\u0131 yerle\u015fim alanlar\u0131na d\u00f6nen vatanda\u015flara insani yard\u0131m konvoyu ula\u015ft\u0131rd\u0131. K\u0131z\u0131lay \u00d6rg\u00fct\u00fc SANA\u2019n\u0131n bir n\u00fcshas\u0131n\u0131 ald\u0131\u011f\u0131 b\u00fclteninde; K\u0131z\u0131lay ekiplerinin Rakka k\u0131rsal\u0131n\u0131n g\u00fcneyinde evlerine d\u00f6nen vatanda\u015flara destek ve yard\u0131m ama\u00e7l\u0131 olarak muhtelif t\u00fcr g\u0131da \u00fcr\u00fcnleri ve daha ba\u015fka yard\u0131mlar ta\u015f\u0131yan 50 kamyondan ibaret bir konvoyu ula\u015ft\u0131rd\u0131klar\u0131n\u0131 belirtti. &hellip;<\/p>\n","protected":false},"author":1,"featured_media":136965,"comment_status":"closed","ping_status":"closed","sticky":false,"template":"","format":"standard","meta":{"footnotes":""},"categories":[526,541,479,17988,525,538,478],"tags":[18448,18671,2493,6487],"class_list":["post-136963","post","type-post","status-publish","format-standard","has-post-thumbnail","","category-haber-ve-raporlar","category-haberler","category-haberler-yerel","category-son-haberler","category-toplum","category-yasam","category-yerel","tag-insani-yardim","tag-kizilay-orgutu","tag-rakka","tag-suriye-kizilayi"],"_links":{"self":[{"href":"https:\/\/archive.sana.sy\/tr\/index.php?rest_route=\/wp\/v2\/posts\/136963","targetHints":{"allow":["GET"]}}],"collection":[{"href":"https:\/\/archive.sana.sy\/tr\/index.php?rest_route=\/wp\/v2\/posts"}],"about":[{"href":"https:\/\/archive.sana.sy\/tr\/index.php?rest_route=\/wp\/v2\/types\/post"}],"author":[{"embeddable":true,"href":"https:\/\/archive.sana.sy\/tr\/index.php?rest_route=\/wp\/v2\/users\/1"}],"replies":[{"embeddable":true,"href":"https:\/\/archive.sana.sy\/tr\/index.php?rest_route=%2Fwp%2Fv2%2Fcomments&post=136963"}],"version-history":[{"count":0,"href":"https:\/\/archive.sana.sy\/tr\/index.php?rest_route=\/wp\/v2\/posts\/136963\/revisions"}],"wp:featuredmedia":[{"embeddable":true,"href":"https:\/\/archive.sana.sy\/tr\/index.php?rest_route=\/wp\/v2\/media\/136965"}],"wp:attachment":[{"href":"https:\/\/archive.sana.sy\/tr\/index.php?rest_route=%2Fwp%2Fv2%2Fmedia&parent=136963"}],"wp:term":[{"taxonomy":"category","embeddable":true,"href":"https:\/\/archive.sana.sy\/tr\/index.php?rest_route=%2Fwp%2Fv2%2Fcategories&post=136963"},{"taxonomy":"post_tag","embeddable":true,"href":"https:\/\/archive.sana.sy\/tr\/index.php?rest_route=%2Fwp%2Fv2%2Ftags&post=136963"}],"curies":[{"name":"wp","href":"https:\/\/api.w.org\/{rel}","templated":true}]}}