{"id":136968,"date":"2018-01-31T13:01:13","date_gmt":"2018-01-31T11:01:13","guid":{"rendered":"https:\/\/www.sana.sy\/tr\/?p=136968"},"modified":"2018-02-01T09:30:52","modified_gmt":"2018-02-01T07:30:52","slug":"mecliste-bos-tartus-milletvekili-sandalyesi-icin-secim-tarihi-belirlendi","status":"publish","type":"post","link":"https:\/\/archive.sana.sy\/tr\/?p=136968","title":{"rendered":"Mecliste Bo\u015f Tartus Milletvekili Sandalyesi \u0130\u00e7in Se\u00e7im Tarihi Belirlendi"},"content":{"rendered":"<p>\u015eAM \u2013 Cumhurba\u015fkan\u0131 Be\u015f\u015far el Esad bug\u00fcn Halk Meclisinde Tartus \u0130li milletvekillerine ait bo\u015f sandalyenin doldurulmas\u0131 i\u00e7in se\u00e7im tarihi belirleyen kararnameyi onaylad\u0131.<\/p>\n<p>Kararnamede bo\u015f sandalyenin doldurulmas\u0131 i\u00e7in anayasa ve se\u00e7im kanunlar\u0131 kapsam\u0131nda 24 \u015eubat tarihinde se\u00e7imlerin yap\u0131lmas\u0131 \u00f6ng\u00f6r\u00fcld\u00fc.<\/p>\n","protected":false},"excerpt":{"rendered":"<p>\u015eAM \u2013 Cumhurba\u015fkan\u0131 Be\u015f\u015far el Esad bug\u00fcn Halk Meclisinde Tartus \u0130li milletvekillerine ait bo\u015f sandalyenin doldurulmas\u0131 i\u00e7in se\u00e7im tarihi belirleyen kararnameyi onaylad\u0131. Kararnamede bo\u015f sandalyenin doldurulmas\u0131 i\u00e7in anayasa ve se\u00e7im kanunlar\u0131 kapsam\u0131nda 24 \u015eubat tarihinde se\u00e7imlerin yap\u0131lmas\u0131 \u00f6ng\u00f6r\u00fcld\u00fc.<\/p>\n","protected":false},"author":1,"featured_media":136970,"comment_status":"closed","ping_status":"closed","sticky":false,"template":"","format":"standard","meta":{"footnotes":""},"categories":[479,605,17988,612,599,478],"tags":[19968,16838,19949,34709,24119,24013],"class_list":["post-136968","post","type-post","status-publish","format-standard","has-post-thumbnail","","category-haberler-yerel","category-sayin-cumhurbaskani","category-son-haberler","category-yasama-kararnameler","category-yasama-ve-kanunlar","category-yerel","tag-bessar-esad","tag-halk-meclisi","tag-milletvekili-secimleri","tag-suriye-anayasasi","tag-suriye-lideri","tag-suriye-parlamentosu"],"_links":{"self":[{"href":"https:\/\/archive.sana.sy\/tr\/index.php?rest_route=\/wp\/v2\/posts\/136968","targetHints":{"allow":["GET"]}}],"collection":[{"href":"https:\/\/archive.sana.sy\/tr\/index.php?rest_route=\/wp\/v2\/posts"}],"about":[{"href":"https:\/\/archive.sana.sy\/tr\/index.php?rest_route=\/wp\/v2\/types\/post"}],"author":[{"embeddable":true,"href":"https:\/\/archive.sana.sy\/tr\/index.php?rest_route=\/wp\/v2\/users\/1"}],"replies":[{"embeddable":true,"href":"https:\/\/archive.sana.sy\/tr\/index.php?rest_route=%2Fwp%2Fv2%2Fcomments&post=136968"}],"version-history":[{"count":0,"href":"https:\/\/archive.sana.sy\/tr\/index.php?rest_route=\/wp\/v2\/posts\/136968\/revisions"}],"wp:featuredmedia":[{"embeddable":true,"href":"https:\/\/archive.sana.sy\/tr\/index.php?rest_route=\/wp\/v2\/media\/136970"}],"wp:attachment":[{"href":"https:\/\/archive.sana.sy\/tr\/index.php?rest_route=%2Fwp%2Fv2%2Fmedia&parent=136968"}],"wp:term":[{"taxonomy":"category","embeddable":true,"href":"https:\/\/archive.sana.sy\/tr\/index.php?rest_route=%2Fwp%2Fv2%2Fcategories&post=136968"},{"taxonomy":"post_tag","embeddable":true,"href":"https:\/\/archive.sana.sy\/tr\/index.php?rest_route=%2Fwp%2Fv2%2Ftags&post=136968"}],"curies":[{"name":"wp","href":"https:\/\/api.w.org\/{rel}","templated":true}]}}