{"id":136972,"date":"2018-01-31T13:21:13","date_gmt":"2018-01-31T11:21:13","guid":{"rendered":"https:\/\/www.sana.sy\/tr\/?p=136972"},"modified":"2018-02-01T09:29:57","modified_gmt":"2018-02-01T07:29:57","slug":"medya-alaninda-ikili-iliskiler-gelistiriliyor","status":"publish","type":"post","link":"https:\/\/archive.sana.sy\/tr\/?p=136972","title":{"rendered":"Medya Alan\u0131nda \u0130kili \u0130li\u015fkiler Geli\u015ftiriliyor"},"content":{"rendered":"<p>\u015eAM \u2013 Enformasyon Bakan\u0131 \u0130mad Sara Demokratik Kore\u2019nin \u015eam B\u00fcy\u00fckel\u00e7isi Zhang Myung Ho ile g\u00f6r\u00fc\u015fmesinde iki \u00fclke aras\u0131ndaki ili\u015fkileri \u00f6zellikle medya alan\u0131nda olmak \u00fczere geli\u015ftirme olanaklar\u0131n\u0131 inceledi.<\/p>\n<p>Bakanl\u0131k binas\u0131nda ger\u00e7ekle\u015fen g\u00f6r\u00fc\u015fmede Bakan Sara iki dost \u00fclke aras\u0131nda mevcut anla\u015fmalar\u0131 iki \u00fclkenin politikalar\u0131 kapsam\u0131nda etkinle\u015ftirme gere\u011fini belirtti. Bakan Sara ayn\u0131 zamanda iki \u00fclkenin maruz kald\u0131klar\u0131 ter\u00f6r ve bask\u0131lara \u0131\u015f\u0131k tutacak \u015fekilde medya alan\u0131nda i\u015fbirli\u011fini geli\u015ftirme, medya belgeleri, haber ve program al\u0131\u015fveri\u015finin yap\u0131lmas\u0131 \u00f6nemini kaydetti.<\/p>\n<p>B\u00fcy\u00fckel\u00e7i Zhang medyatik ve teknik i\u015fbirli\u011fini geli\u015ftirme olanak ve mekanizmalar\u0131na ili\u015fkin bir sunum takdim ederken, iki \u00fclke aras\u0131ndaki dostluk ili\u015fkilerinin derinli\u011fine dikkat \u00e7ekti.<\/p>\n","protected":false},"excerpt":{"rendered":"<p>\u015eAM \u2013 Enformasyon Bakan\u0131 \u0130mad Sara Demokratik Kore\u2019nin \u015eam B\u00fcy\u00fckel\u00e7isi Zhang Myung Ho ile g\u00f6r\u00fc\u015fmesinde iki \u00fclke aras\u0131ndaki ili\u015fkileri \u00f6zellikle medya alan\u0131nda olmak \u00fczere geli\u015ftirme olanaklar\u0131n\u0131 inceledi. Bakanl\u0131k binas\u0131nda ger\u00e7ekle\u015fen g\u00f6r\u00fc\u015fmede Bakan Sara iki dost \u00fclke aras\u0131nda mevcut anla\u015fmalar\u0131 iki \u00fclkenin politikalar\u0131 kapsam\u0131nda etkinle\u015ftirme gere\u011fini belirtti. Bakan Sara ayn\u0131 zamanda iki \u00fclkenin maruz kald\u0131klar\u0131 ter\u00f6r &hellip;<\/p>\n","protected":false},"author":1,"featured_media":136973,"comment_status":"closed","ping_status":"closed","sticky":false,"template":"","format":"standard","meta":{"footnotes":""},"categories":[479,17988,478],"tags":[34710,10241,34711,19693,29384],"class_list":["post-136972","post","type-post","status-publish","format-standard","has-post-thumbnail","","category-haberler-yerel","category-son-haberler","category-yerel","tag-demokratik-kore-buyukelcisi","tag-enformasyon-bakani","tag-medya-iliskileri","tag-sam-buyukelcisi","tag-suriye-ve-demokratik-kore"],"_links":{"self":[{"href":"https:\/\/archive.sana.sy\/tr\/index.php?rest_route=\/wp\/v2\/posts\/136972","targetHints":{"allow":["GET"]}}],"collection":[{"href":"https:\/\/archive.sana.sy\/tr\/index.php?rest_route=\/wp\/v2\/posts"}],"about":[{"href":"https:\/\/archive.sana.sy\/tr\/index.php?rest_route=\/wp\/v2\/types\/post"}],"author":[{"embeddable":true,"href":"https:\/\/archive.sana.sy\/tr\/index.php?rest_route=\/wp\/v2\/users\/1"}],"replies":[{"embeddable":true,"href":"https:\/\/archive.sana.sy\/tr\/index.php?rest_route=%2Fwp%2Fv2%2Fcomments&post=136972"}],"version-history":[{"count":0,"href":"https:\/\/archive.sana.sy\/tr\/index.php?rest_route=\/wp\/v2\/posts\/136972\/revisions"}],"wp:featuredmedia":[{"embeddable":true,"href":"https:\/\/archive.sana.sy\/tr\/index.php?rest_route=\/wp\/v2\/media\/136973"}],"wp:attachment":[{"href":"https:\/\/archive.sana.sy\/tr\/index.php?rest_route=%2Fwp%2Fv2%2Fmedia&parent=136972"}],"wp:term":[{"taxonomy":"category","embeddable":true,"href":"https:\/\/archive.sana.sy\/tr\/index.php?rest_route=%2Fwp%2Fv2%2Fcategories&post=136972"},{"taxonomy":"post_tag","embeddable":true,"href":"https:\/\/archive.sana.sy\/tr\/index.php?rest_route=%2Fwp%2Fv2%2Ftags&post=136972"}],"curies":[{"name":"wp","href":"https:\/\/api.w.org\/{rel}","templated":true}]}}