{"id":136980,"date":"2018-01-31T15:05:10","date_gmt":"2018-01-31T13:05:10","guid":{"rendered":"https:\/\/www.sana.sy\/tr\/?p=136980"},"modified":"2018-02-01T09:29:54","modified_gmt":"2018-02-01T07:29:54","slug":"putin-ve-erdogan-sonuclar-hayata-gecirilmeli","status":"publish","type":"post","link":"https:\/\/archive.sana.sy\/tr\/?p=136980","title":{"rendered":"Putin ve Erdo\u011fan: Sonu\u00e7lar Hayata Ge\u00e7irilmeli"},"content":{"rendered":"<p>MOSKOVA \u2013 Rusya Ba\u015fkan\u0131 Vladimir Putin ve T\u00fcrkiye rejimi ba\u015fkan\u0131 Recep Tayip Erdo\u011fan bug\u00fcn aralar\u0131nda ger\u00e7ekle\u015fen telefon g\u00f6r\u00fc\u015fmesinde So\u00e7i\u2019de d\u00fczenlenen Suriye Ulusal Diyalog Kongresinin sonu\u00e7lar\u0131ndan memnuniyetlerini ifade ettiler.<\/p>\n<p>Kremlin yay\u0131nlad\u0131\u011f\u0131 b\u00fcltende Putin ve Erdo\u011fan\u2019\u0131n So\u00e7i\u2019de sa\u011flanan sonu\u00e7lar\u0131n Suriye&#8217;de siyasi \u00e7\u00f6z\u00fcm y\u00f6n\u00fcnde hayata ge\u00e7irilmeleri gere\u011fini kaydettiklerini aktard\u0131.<\/p>\n<p>B\u00fcltende ayr\u0131ca telefon g\u00f6r\u00fc\u015fmesinde gerilimi azaltma b\u00f6lgeleri anla\u015fmalar\u0131n\u0131n kal\u0131c\u0131 olmas\u0131 ve peki\u015ftirilmesi y\u00f6n\u00fcnde Rusya ve T\u00fcrkiye \u00e7abalar\u0131n\u0131n koordinasyon ve i\u015fbirli\u011fi meselelerinin de ele al\u0131nd\u0131\u011f\u0131 kaydedildi.<\/p>\n","protected":false},"excerpt":{"rendered":"<p>MOSKOVA \u2013 Rusya Ba\u015fkan\u0131 Vladimir Putin ve T\u00fcrkiye rejimi ba\u015fkan\u0131 Recep Tayip Erdo\u011fan bug\u00fcn aralar\u0131nda ger\u00e7ekle\u015fen telefon g\u00f6r\u00fc\u015fmesinde So\u00e7i\u2019de d\u00fczenlenen Suriye Ulusal Diyalog Kongresinin sonu\u00e7lar\u0131ndan memnuniyetlerini ifade ettiler. Kremlin yay\u0131nlad\u0131\u011f\u0131 b\u00fcltende Putin ve Erdo\u011fan\u2019\u0131n So\u00e7i\u2019de sa\u011flanan sonu\u00e7lar\u0131n Suriye&#8217;de siyasi \u00e7\u00f6z\u00fcm y\u00f6n\u00fcnde hayata ge\u00e7irilmeleri gere\u011fini kaydettiklerini aktard\u0131. B\u00fcltende ayr\u0131ca telefon g\u00f6r\u00fc\u015fmesinde gerilimi azaltma b\u00f6lgeleri anla\u015fmalar\u0131n\u0131n kal\u0131c\u0131 &hellip;<\/p>\n","protected":false},"author":1,"featured_media":136984,"comment_status":"closed","ping_status":"closed","sticky":false,"template":"","format":"standard","meta":{"footnotes":""},"categories":[17988,2554,2555],"tags":[9401,18312,34693,3039,16744],"class_list":["post-136980","post","type-post","status-publish","format-standard","has-post-thumbnail","","category-son-haberler","category-suriye-ve-dunya","category-suriye-ve-turkiye","tag-erdogan","tag-kremlin","tag-soci-kongresi","tag-turkiye","tag-vladimir-putin"],"_links":{"self":[{"href":"https:\/\/archive.sana.sy\/tr\/index.php?rest_route=\/wp\/v2\/posts\/136980","targetHints":{"allow":["GET"]}}],"collection":[{"href":"https:\/\/archive.sana.sy\/tr\/index.php?rest_route=\/wp\/v2\/posts"}],"about":[{"href":"https:\/\/archive.sana.sy\/tr\/index.php?rest_route=\/wp\/v2\/types\/post"}],"author":[{"embeddable":true,"href":"https:\/\/archive.sana.sy\/tr\/index.php?rest_route=\/wp\/v2\/users\/1"}],"replies":[{"embeddable":true,"href":"https:\/\/archive.sana.sy\/tr\/index.php?rest_route=%2Fwp%2Fv2%2Fcomments&post=136980"}],"version-history":[{"count":0,"href":"https:\/\/archive.sana.sy\/tr\/index.php?rest_route=\/wp\/v2\/posts\/136980\/revisions"}],"wp:featuredmedia":[{"embeddable":true,"href":"https:\/\/archive.sana.sy\/tr\/index.php?rest_route=\/wp\/v2\/media\/136984"}],"wp:attachment":[{"href":"https:\/\/archive.sana.sy\/tr\/index.php?rest_route=%2Fwp%2Fv2%2Fmedia&parent=136980"}],"wp:term":[{"taxonomy":"category","embeddable":true,"href":"https:\/\/archive.sana.sy\/tr\/index.php?rest_route=%2Fwp%2Fv2%2Fcategories&post=136980"},{"taxonomy":"post_tag","embeddable":true,"href":"https:\/\/archive.sana.sy\/tr\/index.php?rest_route=%2Fwp%2Fv2%2Ftags&post=136980"}],"curies":[{"name":"wp","href":"https:\/\/api.w.org\/{rel}","templated":true}]}}