{"id":136993,"date":"2018-01-31T12:50:11","date_gmt":"2018-01-31T10:50:11","guid":{"rendered":"https:\/\/www.sana.sy\/tr\/?p=136993"},"modified":"2018-02-01T12:58:47","modified_gmt":"2018-02-01T10:58:47","slug":"erdogan-guclerinin-saldirilarinda-sivil-isabetlerin-sayisi-artiyor","status":"publish","type":"post","link":"https:\/\/archive.sana.sy\/tr\/?p=136993","title":{"rendered":"Erdo\u011fan G\u00fc\u00e7lerinin Sald\u0131r\u0131lar\u0131nda Sivil \u0130sabetlerin Say\u0131s\u0131 Art\u0131yor"},"content":{"rendered":"<p>HALEP \u2013 Erdo\u011fan rejimine tabi g\u00fc\u00e7lerin Halep \u0130linin kuzey kesimi Afrin B\u00f6lgesini muhtelif t\u00fcr silahlarla bombalamaya devam ederken, bu sald\u0131r\u0131larda \u015fehit ve yaral\u0131 d\u00fc\u015fen sivil vatanda\u015flar\u0131n say\u0131s\u0131 da art\u0131yor.<\/p>\n<p>Yerel kaynaklar SANA\u2019ya a\u00e7\u0131klamalar\u0131nda Erdo\u011fan g\u00fc\u00e7lerinin bug\u00fcn Afrin Kentinde sivil yerle\u015fim b\u00f6lgelerini f\u00fczelerle hedef almalar\u0131 sonucunda aralar\u0131nda 3 \u00e7ocuk ve 2 kad\u0131n\u0131n bulundu\u011fu 12 vatanda\u015f\u0131n isabet ald\u0131klar\u0131n\u0131 belirtti. Kaynaklar vatanda\u015flar\u0131n evlerinde de olduk\u00e7a ciddi y\u0131k\u0131m\u0131n meydana geldi\u011fini aktard\u0131.<\/p>\n<p>Erdo\u011fan g\u00fc\u00e7lerinin Afrin B\u00f6lgesinin muhtelif belde ve k\u00f6ylerini bombalamaya devam ettiklerine dikkat \u00e7eken kaynak; vatanda\u015flar\u0131n evleri, hizmet kurumlar\u0131 ve altyap\u0131da b\u00fcy\u00fck hasarlar\u0131n meydana gelmesiyle b\u00f6lgede insani durumlar\u0131n olduk\u00e7a k\u00f6t\u00fc bir hal ald\u0131\u011f\u0131n\u0131n alt\u0131n\u0131 \u00e7izdiler.<\/p>\n<p>Kaynaklar Erdo\u011fan g\u00fc\u00e7lerinin tarihi eser ve arkeolojik b\u00f6lgeleri de bombalad\u0131klar\u0131n\u0131 belirtirken, medeniyet ve tarih a\u00e7\u0131s\u0131ndan zengin Afrin B\u00f6lgesinde arkeolojik b\u00f6lgeler ve tarihi eserlerin ciddi bir hasar g\u00f6rd\u00fcklerini ifade etti.<\/p>\n<p>Ayn\u0131 kaynaklar yo\u011fun bombard\u0131man sonucunda isabetlerin artmas\u0131yla hastanelerde ila\u00e7 miktar\u0131n\u0131n da azald\u0131\u011f\u0131n\u0131, bunun da ciddi bir insani faciaya yol a\u00e7abilece\u011fini kaydetti.<\/p>\n","protected":false},"excerpt":{"rendered":"<p>HALEP \u2013 Erdo\u011fan rejimine tabi g\u00fc\u00e7lerin Halep \u0130linin kuzey kesimi Afrin B\u00f6lgesini muhtelif t\u00fcr silahlarla bombalamaya devam ederken, bu sald\u0131r\u0131larda \u015fehit ve yaral\u0131 d\u00fc\u015fen sivil vatanda\u015flar\u0131n say\u0131s\u0131 da art\u0131yor. Yerel kaynaklar SANA\u2019ya a\u00e7\u0131klamalar\u0131nda Erdo\u011fan g\u00fc\u00e7lerinin bug\u00fcn Afrin Kentinde sivil yerle\u015fim b\u00f6lgelerini f\u00fczelerle hedef almalar\u0131 sonucunda aralar\u0131nda 3 \u00e7ocuk ve 2 kad\u0131n\u0131n bulundu\u011fu 12 vatanda\u015f\u0131n isabet &hellip;<\/p>\n","protected":false},"author":1,"featured_media":137001,"comment_status":"closed","ping_status":"closed","sticky":false,"template":"","format":"standard","meta":{"footnotes":""},"categories":[479,575,17988,2554,2555,478],"tags":[4096,18066,1132,16591,22181,34714],"class_list":["post-136993","post","type-post","status-publish","format-standard","has-post-thumbnail","","category-haberler-yerel","category-olaylar-ve-gercekler","category-son-haberler","category-suriye-ve-dunya","category-suriye-ve-turkiye","category-yerel","tag-afrin","tag-erdogan-rejimi","tag-halep","tag-suriye","tag-suriyeliler","tag-vatandaslarda-yaralanmalar-oldu"],"_links":{"self":[{"href":"https:\/\/archive.sana.sy\/tr\/index.php?rest_route=\/wp\/v2\/posts\/136993","targetHints":{"allow":["GET"]}}],"collection":[{"href":"https:\/\/archive.sana.sy\/tr\/index.php?rest_route=\/wp\/v2\/posts"}],"about":[{"href":"https:\/\/archive.sana.sy\/tr\/index.php?rest_route=\/wp\/v2\/types\/post"}],"author":[{"embeddable":true,"href":"https:\/\/archive.sana.sy\/tr\/index.php?rest_route=\/wp\/v2\/users\/1"}],"replies":[{"embeddable":true,"href":"https:\/\/archive.sana.sy\/tr\/index.php?rest_route=%2Fwp%2Fv2%2Fcomments&post=136993"}],"version-history":[{"count":0,"href":"https:\/\/archive.sana.sy\/tr\/index.php?rest_route=\/wp\/v2\/posts\/136993\/revisions"}],"wp:featuredmedia":[{"embeddable":true,"href":"https:\/\/archive.sana.sy\/tr\/index.php?rest_route=\/wp\/v2\/media\/137001"}],"wp:attachment":[{"href":"https:\/\/archive.sana.sy\/tr\/index.php?rest_route=%2Fwp%2Fv2%2Fmedia&parent=136993"}],"wp:term":[{"taxonomy":"category","embeddable":true,"href":"https:\/\/archive.sana.sy\/tr\/index.php?rest_route=%2Fwp%2Fv2%2Fcategories&post=136993"},{"taxonomy":"post_tag","embeddable":true,"href":"https:\/\/archive.sana.sy\/tr\/index.php?rest_route=%2Fwp%2Fv2%2Ftags&post=136993"}],"curies":[{"name":"wp","href":"https:\/\/api.w.org\/{rel}","templated":true}]}}