{"id":137136,"date":"2018-02-02T13:52:58","date_gmt":"2018-02-02T11:52:58","guid":{"rendered":"https:\/\/www.sana.sy\/tr\/?p=137136"},"modified":"2018-02-03T17:13:31","modified_gmt":"2018-02-03T15:13:31","slug":"amac-cocuklarin-kisiligini-gelistirmek","status":"publish","type":"post","link":"https:\/\/archive.sana.sy\/tr\/?p=137136","title":{"rendered":"Ama\u00e7 \u00c7ocuklar\u0131n Ki\u015fili\u011fini Geli\u015ftirmek"},"content":{"rendered":"<p>S\u00dcVEYDA \u2013 \u00c7ocuklar\u0131n ki\u015fili\u011fini geli\u015ftirmekle birlikte yetenek ve giri\u015fimciliklerini geli\u015ftirme amac\u0131yla S\u00fcveyda\u2019da K\u00fc\u00e7\u00fck Projeler slogan\u0131 alt\u0131nda \u00e7ocuk faaliyetleri ba\u015flat\u0131ld\u0131.<\/p>\n<p>Faaliyette \u00e7ocuklar\u0131n \u00f6zg\u00fcvenini peki\u015ftirme, ideallerini resimle ifade etme, yarat\u0131c\u0131 ve giri\u015fimci ruhlar\u0131n\u0131 g\u00fc\u00e7lendirme, dayan\u0131\u015fma ve yard\u0131m giri\u015fimini peki\u015ftirme ama\u00e7l\u0131 faaliyette, ayr\u0131ca \u00e7ocuklar\u0131n d\u00fc\u015f\u00fcnme ve hayal g\u00fc\u00e7leri de geli\u015ftiriliyor.<\/p>\n<p>K.\u00d6.<\/p>\n<div id='gallery-1' class='gallery galleryid-137136 gallery-columns-2 gallery-size-thumbnail'><figure class='gallery-item'>\n\t\t\t<div class='gallery-icon landscape'>\n\t\t\t\t<a href='https:\/\/archive.sana.sy\/tr\/wp-content\/uploads\/2018\/02\/a2.jpg'><img loading=\"lazy\" decoding=\"async\" width=\"150\" height=\"84\" src=\"https:\/\/archive.sana.sy\/tr\/wp-content\/uploads\/2018\/02\/a2-150x84.jpg\" class=\"attachment-thumbnail size-thumbnail\" alt=\"\" srcset=\"https:\/\/archive.sana.sy\/tr\/wp-content\/uploads\/2018\/02\/a2-150x84.jpg 150w, https:\/\/archive.sana.sy\/tr\/wp-content\/uploads\/2018\/02\/a2-300x168.jpg 300w, https:\/\/archive.sana.sy\/tr\/wp-content\/uploads\/2018\/02\/a2.jpg 660w\" sizes=\"auto, (max-width: 150px) 100vw, 150px\" \/><\/a>\n\t\t\t<\/div><\/figure><figure class='gallery-item'>\n\t\t\t<div class='gallery-icon landscape'>\n\t\t\t\t<a href='https:\/\/archive.sana.sy\/tr\/wp-content\/uploads\/2018\/02\/a1.jpg'><img loading=\"lazy\" decoding=\"async\" width=\"150\" height=\"84\" src=\"https:\/\/archive.sana.sy\/tr\/wp-content\/uploads\/2018\/02\/a1-150x84.jpg\" class=\"attachment-thumbnail size-thumbnail\" alt=\"\" srcset=\"https:\/\/archive.sana.sy\/tr\/wp-content\/uploads\/2018\/02\/a1-150x84.jpg 150w, https:\/\/archive.sana.sy\/tr\/wp-content\/uploads\/2018\/02\/a1-300x168.jpg 300w, https:\/\/archive.sana.sy\/tr\/wp-content\/uploads\/2018\/02\/a1.jpg 660w\" sizes=\"auto, (max-width: 150px) 100vw, 150px\" \/><\/a>\n\t\t\t<\/div><\/figure>\n\t\t<\/div>\n\n","protected":false},"excerpt":{"rendered":"<p>S\u00dcVEYDA \u2013 \u00c7ocuklar\u0131n ki\u015fili\u011fini geli\u015ftirmekle birlikte yetenek ve giri\u015fimciliklerini geli\u015ftirme amac\u0131yla S\u00fcveyda\u2019da K\u00fc\u00e7\u00fck Projeler slogan\u0131 alt\u0131nda \u00e7ocuk faaliyetleri ba\u015flat\u0131ld\u0131. Faaliyette \u00e7ocuklar\u0131n \u00f6zg\u00fcvenini peki\u015ftirme, ideallerini resimle ifade etme, yarat\u0131c\u0131 ve giri\u015fimci ruhlar\u0131n\u0131 g\u00fc\u00e7lendirme, dayan\u0131\u015fma ve yard\u0131m giri\u015fimini peki\u015ftirme ama\u00e7l\u0131 faaliyette, ayr\u0131ca \u00e7ocuklar\u0131n d\u00fc\u015f\u00fcnme ve hayal g\u00fc\u00e7leri de geli\u015ftiriliyor. K.\u00d6.<\/p>\n","protected":false},"author":1,"featured_media":137137,"comment_status":"closed","ping_status":"closed","sticky":false,"template":"","format":"standard","meta":{"footnotes":""},"categories":[596,526,479,541,17988,525,538,478],"tags":[34739,34740,16591,22181,13862],"class_list":["post-137136","post","type-post","status-publish","format-standard","has-post-thumbnail","","category-fotografli-raporlar","category-haber-ve-raporlar","category-haberler-yerel","category-haberler","category-son-haberler","category-toplum","category-yasam","category-yerel","tag-cocuk-kisiligini-gelistirme","tag-cocuklarin-ozguvenini-gelistirme","tag-suriye","tag-suriyeliler","tag-suveyda"],"_links":{"self":[{"href":"https:\/\/archive.sana.sy\/tr\/index.php?rest_route=\/wp\/v2\/posts\/137136","targetHints":{"allow":["GET"]}}],"collection":[{"href":"https:\/\/archive.sana.sy\/tr\/index.php?rest_route=\/wp\/v2\/posts"}],"about":[{"href":"https:\/\/archive.sana.sy\/tr\/index.php?rest_route=\/wp\/v2\/types\/post"}],"author":[{"embeddable":true,"href":"https:\/\/archive.sana.sy\/tr\/index.php?rest_route=\/wp\/v2\/users\/1"}],"replies":[{"embeddable":true,"href":"https:\/\/archive.sana.sy\/tr\/index.php?rest_route=%2Fwp%2Fv2%2Fcomments&post=137136"}],"version-history":[{"count":0,"href":"https:\/\/archive.sana.sy\/tr\/index.php?rest_route=\/wp\/v2\/posts\/137136\/revisions"}],"wp:featuredmedia":[{"embeddable":true,"href":"https:\/\/archive.sana.sy\/tr\/index.php?rest_route=\/wp\/v2\/media\/137137"}],"wp:attachment":[{"href":"https:\/\/archive.sana.sy\/tr\/index.php?rest_route=%2Fwp%2Fv2%2Fmedia&parent=137136"}],"wp:term":[{"taxonomy":"category","embeddable":true,"href":"https:\/\/archive.sana.sy\/tr\/index.php?rest_route=%2Fwp%2Fv2%2Fcategories&post=137136"},{"taxonomy":"post_tag","embeddable":true,"href":"https:\/\/archive.sana.sy\/tr\/index.php?rest_route=%2Fwp%2Fv2%2Ftags&post=137136"}],"curies":[{"name":"wp","href":"https:\/\/api.w.org\/{rel}","templated":true}]}}