{"id":137142,"date":"2018-02-02T14:28:58","date_gmt":"2018-02-02T12:28:58","guid":{"rendered":"https:\/\/www.sana.sy\/tr\/?p=137142"},"modified":"2018-02-03T17:13:13","modified_gmt":"2018-02-03T15:13:13","slug":"teroristleri-postane-binasina-fuzeyle-saldirdi","status":"publish","type":"post","link":"https:\/\/archive.sana.sy\/tr\/?p=137142","title":{"rendered":"S\u00f6zde \u2018Il\u0131ml\u0131 Muhalifler\u2019 Sivillere ve Sald\u0131r\u0131lar\u0131n\u0131 S\u00fcrd\u00fcr\u00fcyor"},"content":{"rendered":"<p>\u0130LLER \u2013 Bir k\u0131s\u0131m devletlerin Suriye\u2019de ter\u00f6re muhtelif t\u00fcr destek ve \u00f6rt\u00fclerini aklama amac\u0131yla \u2018\u0131l\u0131ml\u0131 muhalifler\u2019 olarak nitelendirdikleri ter\u00f6ristlerin sivil yerle\u015fim alanlar\u0131 ve hizmet kurumlar\u0131na f\u00fcze sald\u0131r\u0131lar\u0131 devam ediyor.<\/p>\n<p><span style=\"color: #0000ff\">\u015eAM:<\/span><\/p>\n<p>\u015eam \u0130l Emniyet M\u00fcd\u00fcrl\u00fc\u011f\u00fcnde bir kaynak Do\u011fu \u011euta\u2019da bulunan ter\u00f6ristlerin bug\u00fcn gerilimi azaltma anla\u015fmas\u0131na yeni bir ihlalde bulunarak ba\u015fkent \u015eam\u2019\u0131n g\u00fcneydo\u011fu kenarlar\u0131nda yer alan Duveylia Semtine 7 f\u00fczeyle sald\u0131rd\u0131klar\u0131n\u0131 belirtti.<\/p>\n<p>Kaynak gaddar ter\u00f6r f\u00fczelerinde 2 \u00e7ocu\u011fun yaraland\u0131\u011f\u0131n\u0131, \u00f6zel ve kamu m\u00fclklerde ciddi hasar meydana geldi\u011fine dikkat \u00e7ekti.<\/p>\n<p>Ordu birliklerimizin f\u00fczelerin f\u0131rlat\u0131ld\u0131\u011f\u0131 ter\u00f6r mevkilerini dakik bir \u015fekilde belirleyip imha ettiklerini belirten kaynak; ter\u00f6ristlerin kulland\u0131klar\u0131 f\u00fcze bataryalar\u0131 ile birlikte yok edildiklerini aktard\u0131.<\/p>\n<p>Bu arada Do\u011fu \u011euta\u2019da bulunan ve belli ba\u015fl\u0131 devletler taraf\u0131ndan \u2018\u0131l\u0131ml\u0131 muhalifler\u2019 ad\u0131 verilip uluslar aras\u0131 sahada savunulan ter\u00f6ristlerin d\u00fcn ba\u015fkent \u015eam ve civar\u0131n\u0131n muhtelif b\u00f6lgelerini hedef alan f\u00fcze sald\u0131r\u0131lar\u0131nda 8 sivil vatanda\u015f \u015fehit, 13 vatanda\u015f da yaral\u0131 d\u00fc\u015fm\u00fc\u015flerdi. \u015eehit d\u00fc\u015fen sivillerin aras\u0131nda bir baba ve 3 \u00e7ocu\u011fa ilaveten gen\u00e7 bir k\u0131z da yer al\u0131yor.<\/p>\n<p><span style=\"color: #0000ff\">HALEP:<\/span><\/p>\n<p>Bu arada Halep \u0130l Emniyet M\u00fcd\u00fcrl\u00fc\u011f\u00fcnde bir kaynak ise; Halep Kentinin bat\u0131 kenarlar\u0131nda sivil vatanda\u015flar\u0131 canl\u0131 kalkan olarak kullan\u0131p konumlanan Nusra Cephesinden ter\u00f6ristlerin bug\u00fcn Halep Kentinin S\u00fcleymaniye Semtine f\u00fczelerle sald\u0131rd\u0131klar\u0131n\u0131 belirtti.<\/p>\n<p>Kaynak semtte bulunan Postane binas\u0131na bir ter\u00f6r f\u00fczesinin d\u00fc\u015fmesi sonucunda binada maddi hasar meydana geldi\u011fini aktard\u0131.<\/p>\n<p>Ter\u00f6ristler 16 Ocak tarihinde Halep Kentinin Nil Caddesinde bulunan bir \u00e7ocuk kre\u015fini haince f\u00fczelerle sald\u0131rm\u0131\u015flard\u0131. Sald\u0131r\u0131da iki ya\u015flar\u0131nda k\u00fc\u00e7\u00fck bir \u00e7ocu\u011fun yan\u0131 s\u0131ra kre\u015fte \u015fof\u00f6r olarak \u00e7al\u0131\u015fan bir vatanda\u015f \u015fehit d\u00fc\u015fm\u00fc\u015f, kre\u015f \u00f6\u011fretmenlerinden 3\u2019\u00fc de yaralanm\u0131\u015ft\u0131.<\/p>\n<p>D\u0131\u015f g\u00fc\u00e7lere tabi ter\u00f6ristler bir y\u0131ldan fazla bir s\u00fcredir ter\u00f6rden kurtar\u0131lan Halep Kentinde istikrar ve g\u00fcvenli\u011fi sabote etme amac\u0131yla ge\u00e7en s\u00fcre i\u00e7inde kente bir\u00e7ok kez f\u00fczelerle sald\u0131rd\u0131.<\/p>\n","protected":false},"excerpt":{"rendered":"<p>\u0130LLER \u2013 Bir k\u0131s\u0131m devletlerin Suriye\u2019de ter\u00f6re muhtelif t\u00fcr destek ve \u00f6rt\u00fclerini aklama amac\u0131yla \u2018\u0131l\u0131ml\u0131 muhalifler\u2019 olarak nitelendirdikleri ter\u00f6ristlerin sivil yerle\u015fim alanlar\u0131 ve hizmet kurumlar\u0131na f\u00fcze sald\u0131r\u0131lar\u0131 devam ediyor. \u015eAM: \u015eam \u0130l Emniyet M\u00fcd\u00fcrl\u00fc\u011f\u00fcnde bir kaynak Do\u011fu \u011euta\u2019da bulunan ter\u00f6ristlerin bug\u00fcn gerilimi azaltma anla\u015fmas\u0131na yeni bir ihlalde bulunarak ba\u015fkent \u015eam\u2019\u0131n g\u00fcneydo\u011fu kenarlar\u0131nda yer alan Duveylia &hellip;<\/p>\n","protected":false},"author":1,"featured_media":137147,"comment_status":"closed","ping_status":"closed","sticky":false,"template":"","format":"standard","meta":{"footnotes":""},"categories":[479,575,17988,478],"tags":[3464,34746,34745,17322,34744,17274,34743,1132,22548,1247,34742,34741,16591,22181,2509],"class_list":["post-137142","post","type-post","status-publish","format-standard","has-post-thumbnail","","category-haberler-yerel","category-olaylar-ve-gercekler","category-son-haberler","category-yerel","tag-nusra-cephesi","tag-2-cocugun-yaralandigi","tag-7-fuze","tag-dogu-guta","tag-duveylia-semti","tag-fuze-saldirisi","tag-gerilimi-azaltma-anlasmasin","tag-halep","tag-nil-caddesi","tag-ordu-birliklerimizin","tag-sam-il-emniyet-mudurlugunde-bir-kaynak","tag-suleymaniye-semti","tag-suriye","tag-suriyeliler","tag-teroristlerin"],"_links":{"self":[{"href":"https:\/\/archive.sana.sy\/tr\/index.php?rest_route=\/wp\/v2\/posts\/137142","targetHints":{"allow":["GET"]}}],"collection":[{"href":"https:\/\/archive.sana.sy\/tr\/index.php?rest_route=\/wp\/v2\/posts"}],"about":[{"href":"https:\/\/archive.sana.sy\/tr\/index.php?rest_route=\/wp\/v2\/types\/post"}],"author":[{"embeddable":true,"href":"https:\/\/archive.sana.sy\/tr\/index.php?rest_route=\/wp\/v2\/users\/1"}],"replies":[{"embeddable":true,"href":"https:\/\/archive.sana.sy\/tr\/index.php?rest_route=%2Fwp%2Fv2%2Fcomments&post=137142"}],"version-history":[{"count":0,"href":"https:\/\/archive.sana.sy\/tr\/index.php?rest_route=\/wp\/v2\/posts\/137142\/revisions"}],"wp:featuredmedia":[{"embeddable":true,"href":"https:\/\/archive.sana.sy\/tr\/index.php?rest_route=\/wp\/v2\/media\/137147"}],"wp:attachment":[{"href":"https:\/\/archive.sana.sy\/tr\/index.php?rest_route=%2Fwp%2Fv2%2Fmedia&parent=137142"}],"wp:term":[{"taxonomy":"category","embeddable":true,"href":"https:\/\/archive.sana.sy\/tr\/index.php?rest_route=%2Fwp%2Fv2%2Fcategories&post=137142"},{"taxonomy":"post_tag","embeddable":true,"href":"https:\/\/archive.sana.sy\/tr\/index.php?rest_route=%2Fwp%2Fv2%2Ftags&post=137142"}],"curies":[{"name":"wp","href":"https:\/\/api.w.org\/{rel}","templated":true}]}}