{"id":137351,"date":"2018-02-04T13:06:33","date_gmt":"2018-02-04T11:06:33","guid":{"rendered":"https:\/\/www.sana.sy\/tr\/?p=137351"},"modified":"2018-02-05T14:39:21","modified_gmt":"2018-02-05T12:39:21","slug":"suriye-filmi-en-iyi-arap-filmi-secildi","status":"publish","type":"post","link":"https:\/\/archive.sana.sy\/tr\/?p=137351","title":{"rendered":"Suriye Filmi En \u0130yi Arap Filmi Se\u00e7ildi"},"content":{"rendered":"<p>\u015eAM \u2013 Sinema Kamu Kurumunun yap\u0131m\u0131 olan \u2018\u015eam \u00c7at\u0131s\u0131 \u00dcst\u00fcnde\u2019 sinema filmi, Irak\u2019\u0131n Erbil Kentinde d\u00fczenlenen Uluslararas\u0131 Ter\u00f6re Kar\u015f\u0131 Sinema Film Festivalinde en iyi Arap filmi \u00f6d\u00fcl\u00fcn\u00fc kazand\u0131.<\/p>\n<p>Senaryosunu Samir Muhammed \u0130smail\u2019in yazd\u0131\u011f\u0131 ve Muhanned Kels\u00fcm\u2019\u00fcn y\u00f6netti\u011fi sinema filminde tamamen sanal bir ya\u015fam i\u00e7inde yeti\u015fen b\u00fct\u00fcn\u00fcyle yeni bir neslin sava\u015f\u0131n dayatt\u0131\u011f\u0131 ko\u015fullarda bu sanal\u0131 hayata ge\u00e7irmekten aciz kalmas\u0131na \u0131\u015f\u0131k tutuyor. Filmde s\u00f6z konusu yeni neslin sava\u015f ko\u015fullar\u0131 i\u00e7inde ya\u015fam sevinci ve iradesine nas\u0131l sar\u0131ld\u0131\u011f\u0131na dikkat \u00e7ekiyor.<\/p>\n<p>Arap ve yabanc\u0131 46 filmin yar\u0131\u015ft\u0131\u011f\u0131 festivalde j\u00fcri \u00fcyeleri; \u015eam \u00c7at\u0131s\u0131 \u00dcst\u00fcnde Filminin; sava\u015f ko\u015fullar\u0131nda ya\u015fayan gen\u00e7lerin \u00f6nemli bir b\u00f6l\u00fcm\u00fcn\u00fcn ger\u00e7ek durumuna ba\u015far\u0131yla \u0131\u015f\u0131k tuttu\u011funa dikkat \u00e7ekti.<\/p>\n<p>K.\u00d6.<\/p>\n","protected":false},"excerpt":{"rendered":"<p>\u015eAM \u2013 Sinema Kamu Kurumunun yap\u0131m\u0131 olan \u2018\u015eam \u00c7at\u0131s\u0131 \u00dcst\u00fcnde\u2019 sinema filmi, Irak\u2019\u0131n Erbil Kentinde d\u00fczenlenen Uluslararas\u0131 Ter\u00f6re Kar\u015f\u0131 Sinema Film Festivalinde en iyi Arap filmi \u00f6d\u00fcl\u00fcn\u00fc kazand\u0131. Senaryosunu Samir Muhammed \u0130smail\u2019in yazd\u0131\u011f\u0131 ve Muhanned Kels\u00fcm\u2019\u00fcn y\u00f6netti\u011fi sinema filminde tamamen sanal bir ya\u015fam i\u00e7inde yeti\u015fen b\u00fct\u00fcn\u00fcyle yeni bir neslin sava\u015f\u0131n dayatt\u0131\u011f\u0131 ko\u015fullarda bu sanal\u0131 hayata &hellip;<\/p>\n","protected":false},"author":1,"featured_media":137353,"comment_status":"closed","ping_status":"closed","sticky":false,"template":"","format":"standard","meta":{"footnotes":""},"categories":[516,511,17988],"tags":[34786,1978,34787,2755,34785,34784,34783,16591,22181],"class_list":["post-137351","post","type-post","status-publish","format-standard","has-post-thumbnail","","category-haberler-kultur-ve-sanat","category-kultur-ve-sanat","category-son-haberler","tag-erbil","tag-irak","tag-muhenned-kelsum","tag-sam","tag-sam-catisi-ustunde","tag-samir-muhammed-ismail","tag-sinema","tag-suriye","tag-suriyeliler"],"_links":{"self":[{"href":"https:\/\/archive.sana.sy\/tr\/index.php?rest_route=\/wp\/v2\/posts\/137351","targetHints":{"allow":["GET"]}}],"collection":[{"href":"https:\/\/archive.sana.sy\/tr\/index.php?rest_route=\/wp\/v2\/posts"}],"about":[{"href":"https:\/\/archive.sana.sy\/tr\/index.php?rest_route=\/wp\/v2\/types\/post"}],"author":[{"embeddable":true,"href":"https:\/\/archive.sana.sy\/tr\/index.php?rest_route=\/wp\/v2\/users\/1"}],"replies":[{"embeddable":true,"href":"https:\/\/archive.sana.sy\/tr\/index.php?rest_route=%2Fwp%2Fv2%2Fcomments&post=137351"}],"version-history":[{"count":0,"href":"https:\/\/archive.sana.sy\/tr\/index.php?rest_route=\/wp\/v2\/posts\/137351\/revisions"}],"wp:featuredmedia":[{"embeddable":true,"href":"https:\/\/archive.sana.sy\/tr\/index.php?rest_route=\/wp\/v2\/media\/137353"}],"wp:attachment":[{"href":"https:\/\/archive.sana.sy\/tr\/index.php?rest_route=%2Fwp%2Fv2%2Fmedia&parent=137351"}],"wp:term":[{"taxonomy":"category","embeddable":true,"href":"https:\/\/archive.sana.sy\/tr\/index.php?rest_route=%2Fwp%2Fv2%2Fcategories&post=137351"},{"taxonomy":"post_tag","embeddable":true,"href":"https:\/\/archive.sana.sy\/tr\/index.php?rest_route=%2Fwp%2Fv2%2Ftags&post=137351"}],"curies":[{"name":"wp","href":"https:\/\/api.w.org\/{rel}","templated":true}]}}