{"id":137615,"date":"2018-02-07T17:11:00","date_gmt":"2018-02-07T15:11:00","guid":{"rendered":"https:\/\/www.sana.sy\/tr\/?p=137615"},"modified":"2018-02-07T17:10:55","modified_gmt":"2018-02-07T15:10:55","slug":"israilin-suriyede-bertaraf-edilen-teroristlerin-maneviyatlarini-yukseltme-onlari-daha-fazla-terore-tesvik-etme-ve-krizin-cozumunu-engellemeyi-amacladigini-vurgulayan-bakanlik-bu-gibi-saldirilari","status":"publish","type":"post","link":"https:\/\/archive.sana.sy\/tr\/?p=137615","title":{"rendered":"\u0130srail&#8217;in Suriye&#8217;de bertaraf edilen ter\u00f6ristlerin maneviyatlar\u0131n\u0131 y\u00fckseltme, onlar\u0131 daha fazla ter\u00f6re te\u015fvik etme ve krizin \u00e7\u00f6z\u00fcm\u00fcn\u00fc engellemeyi ama\u00e7lad\u0131\u011f\u0131n\u0131 vurgulayan bakanl\u0131k; bu gibi sald\u0131r\u0131lar\u0131n b\u00f6lge g\u00fcvenli\u011fi ve istikrar\u0131na te\u015fkil etti\u011fi ciddi tehlikenin alt\u0131n\u0131 \u00e7izdi."},"content":{"rendered":"<p>\u0130srail&#8217;in Suriye&#8217;de bertaraf edilen ter\u00f6ristlerin maneviyatlar\u0131n\u0131 y\u00fckseltme, onlar\u0131 daha fazla ter\u00f6re te\u015fvik etme ve krizin \u00e7\u00f6z\u00fcm\u00fcn\u00fc engellemeyi ama\u00e7lad\u0131\u011f\u0131n\u0131 vurgulayan bakanl\u0131k; bu gibi sald\u0131r\u0131lar\u0131n b\u00f6lge g\u00fcvenli\u011fi ve istikrar\u0131na te\u015fkil etti\u011fi ciddi tehlikenin alt\u0131n\u0131 \u00e7izdi.<\/p>\n","protected":false},"excerpt":{"rendered":"<p>\u0130srail&#8217;in Suriye&#8217;de bertaraf edilen ter\u00f6ristlerin maneviyatlar\u0131n\u0131 y\u00fckseltme, onlar\u0131 daha fazla ter\u00f6re te\u015fvik etme ve krizin \u00e7\u00f6z\u00fcm\u00fcn\u00fc engellemeyi ama\u00e7lad\u0131\u011f\u0131n\u0131 vurgulayan bakanl\u0131k; bu gibi sald\u0131r\u0131lar\u0131n b\u00f6lge g\u00fcvenli\u011fi ve istikrar\u0131na te\u015fkil etti\u011fi ciddi tehlikenin alt\u0131n\u0131 \u00e7izdi.<\/p>\n","protected":false},"author":1,"featured_media":0,"comment_status":"closed","ping_status":"closed","sticky":false,"template":"","format":"standard","meta":{"footnotes":""},"categories":[1],"tags":[],"class_list":["post-137615","post","type-post","status-publish","format-standard","","category-news-not-sorted"],"_links":{"self":[{"href":"https:\/\/archive.sana.sy\/tr\/index.php?rest_route=\/wp\/v2\/posts\/137615","targetHints":{"allow":["GET"]}}],"collection":[{"href":"https:\/\/archive.sana.sy\/tr\/index.php?rest_route=\/wp\/v2\/posts"}],"about":[{"href":"https:\/\/archive.sana.sy\/tr\/index.php?rest_route=\/wp\/v2\/types\/post"}],"author":[{"embeddable":true,"href":"https:\/\/archive.sana.sy\/tr\/index.php?rest_route=\/wp\/v2\/users\/1"}],"replies":[{"embeddable":true,"href":"https:\/\/archive.sana.sy\/tr\/index.php?rest_route=%2Fwp%2Fv2%2Fcomments&post=137615"}],"version-history":[{"count":0,"href":"https:\/\/archive.sana.sy\/tr\/index.php?rest_route=\/wp\/v2\/posts\/137615\/revisions"}],"wp:attachment":[{"href":"https:\/\/archive.sana.sy\/tr\/index.php?rest_route=%2Fwp%2Fv2%2Fmedia&parent=137615"}],"wp:term":[{"taxonomy":"category","embeddable":true,"href":"https:\/\/archive.sana.sy\/tr\/index.php?rest_route=%2Fwp%2Fv2%2Fcategories&post=137615"},{"taxonomy":"post_tag","embeddable":true,"href":"https:\/\/archive.sana.sy\/tr\/index.php?rest_route=%2Fwp%2Fv2%2Ftags&post=137615"}],"curies":[{"name":"wp","href":"https:\/\/api.w.org\/{rel}","templated":true}]}}