{"id":137619,"date":"2018-02-07T17:13:03","date_gmt":"2018-02-07T15:13:03","guid":{"rendered":"https:\/\/www.sana.sy\/tr\/?p=137619"},"modified":"2018-02-07T17:14:01","modified_gmt":"2018-02-07T15:14:01","slug":"bakanlik-gaspci-israilin-bulundugu-devlet-teroru-ve-radikal-teror-orgutlere-muhtelif-tur-desteginin-onun-bolge-ve-tum-dunyanin-guvenligine-karsi-buyuk-bir-tehlike-teskil-eden-ve-uluslar-arasi-kararl","status":"publish","type":"post","link":"https:\/\/archive.sana.sy\/tr\/?p=137619","title":{"rendered":"Bakanl\u0131k gasp\u00e7\u0131 \u0130srail&#8217;in bulundu\u011fu devlet ter\u00f6r\u00fc ve radikal ter\u00f6r \u00f6rg\u00fctlere muhtelif t\u00fcr deste\u011finin onun b\u00f6lge ve t\u00fcm d\u00fcnyan\u0131n g\u00fcvenli\u011fine kar\u015f\u0131 b\u00fcy\u00fck bir tehlike te\u015fkil eden ve uluslar aras\u0131 kararlar\u0131 aleni olarak ihlal eden bir varl\u0131k oldu\u011funu ku\u015fkuya yer b\u0131rakmaks\u0131z\u0131n kan\u0131tlad\u0131\u011f\u0131n\u0131n alt\u0131n\u0131 \u00e7izdi."},"content":{"rendered":"<p>Bakanl\u0131k gasp\u00e7\u0131 \u0130srail&#8217;in bulundu\u011fu devlet ter\u00f6r\u00fc ve radikal ter\u00f6r \u00f6rg\u00fctlere muhtelif t\u00fcr deste\u011finin onun b\u00f6lge ve t\u00fcm d\u00fcnyan\u0131n g\u00fcvenli\u011fine kar\u015f\u0131 b\u00fcy\u00fck bir tehlike te\u015fkil eden ve uluslar aras\u0131 kararlar\u0131 aleni olarak ihlal eden bir varl\u0131k oldu\u011funu ku\u015fkuya yer b\u0131rakmaks\u0131z\u0131n kan\u0131tlad\u0131\u011f\u0131n\u0131n alt\u0131n\u0131 \u00e7izdi.<\/p>\n","protected":false},"excerpt":{"rendered":"<p>Bakanl\u0131k gasp\u00e7\u0131 \u0130srail&#8217;in bulundu\u011fu devlet ter\u00f6r\u00fc ve radikal ter\u00f6r \u00f6rg\u00fctlere muhtelif t\u00fcr deste\u011finin onun b\u00f6lge ve t\u00fcm d\u00fcnyan\u0131n g\u00fcvenli\u011fine kar\u015f\u0131 b\u00fcy\u00fck bir tehlike te\u015fkil eden ve uluslar aras\u0131 kararlar\u0131 aleni olarak ihlal eden bir varl\u0131k oldu\u011funu ku\u015fkuya yer b\u0131rakmaks\u0131z\u0131n kan\u0131tlad\u0131\u011f\u0131n\u0131n alt\u0131n\u0131 \u00e7izdi.<\/p>\n","protected":false},"author":1,"featured_media":0,"comment_status":"closed","ping_status":"closed","sticky":false,"template":"","format":"standard","meta":{"footnotes":""},"categories":[17991],"tags":[],"class_list":["post-137619","post","type-post","status-publish","format-standard","","category-son-dakika"],"_links":{"self":[{"href":"https:\/\/archive.sana.sy\/tr\/index.php?rest_route=\/wp\/v2\/posts\/137619","targetHints":{"allow":["GET"]}}],"collection":[{"href":"https:\/\/archive.sana.sy\/tr\/index.php?rest_route=\/wp\/v2\/posts"}],"about":[{"href":"https:\/\/archive.sana.sy\/tr\/index.php?rest_route=\/wp\/v2\/types\/post"}],"author":[{"embeddable":true,"href":"https:\/\/archive.sana.sy\/tr\/index.php?rest_route=\/wp\/v2\/users\/1"}],"replies":[{"embeddable":true,"href":"https:\/\/archive.sana.sy\/tr\/index.php?rest_route=%2Fwp%2Fv2%2Fcomments&post=137619"}],"version-history":[{"count":0,"href":"https:\/\/archive.sana.sy\/tr\/index.php?rest_route=\/wp\/v2\/posts\/137619\/revisions"}],"wp:attachment":[{"href":"https:\/\/archive.sana.sy\/tr\/index.php?rest_route=%2Fwp%2Fv2%2Fmedia&parent=137619"}],"wp:term":[{"taxonomy":"category","embeddable":true,"href":"https:\/\/archive.sana.sy\/tr\/index.php?rest_route=%2Fwp%2Fv2%2Fcategories&post=137619"},{"taxonomy":"post_tag","embeddable":true,"href":"https:\/\/archive.sana.sy\/tr\/index.php?rest_route=%2Fwp%2Fv2%2Ftags&post=137619"}],"curies":[{"name":"wp","href":"https:\/\/api.w.org\/{rel}","templated":true}]}}