{"id":137794,"date":"2018-02-09T13:42:18","date_gmt":"2018-02-09T11:42:18","guid":{"rendered":"https:\/\/www.sana.sy\/tr\/?p=137794"},"modified":"2018-02-10T10:10:12","modified_gmt":"2018-02-10T08:10:12","slug":"kanser-hastasi-cocuklara-destek-faaliyeti-baslatildi","status":"publish","type":"post","link":"https:\/\/archive.sana.sy\/tr\/?p=137794","title":{"rendered":"Kanser Hastas\u0131 \u00c7ocuklara Destek Faaliyeti Ba\u015flat\u0131ld\u0131"},"content":{"rendered":"<p>\u015eAM \u2013 Kanser hastas\u0131 \u00e7ocuklara destek ama\u00e7l\u0131 faaliyetlerde bulunan Besme Hay\u0131r Cemiyeti, y\u0131ll\u0131k plan\u0131 kapsam\u0131nda \u015eubat ay\u0131 projesini \u2018Tebess\u00fcm Geri D\u00f6nd\u00fc\u2019 slogan\u0131 alt\u0131nda ba\u015flatt\u0131.<\/p>\n<p>Bir\u00e7ok resmi ve sivil toplum faaliyetlerinin de kat\u0131ld\u0131klar\u0131 projede kanser hastas\u0131 \u00e7ocuklar\u0131n\u0131n sa\u011fl\u0131k, sosyal ve psikolojik durumlar\u0131n\u0131 iyile\u015ftirme amac\u0131yla bir dizi etkinlik ve \u00e7al\u0131\u015fma yer al\u0131yor.<\/p>\n<p>Besme Cemiyetinin y\u00fcr\u00fctme m\u00fcd\u00fcr\u00fc Rima Salim SANA\u2019ya yapt\u0131\u011f\u0131 a\u00e7\u0131klamada; 9\u2019uncusu d\u00fczenlenen projede kanser hastas\u0131 \u00e7ocuklar ve ailelerine muhtelif t\u00fcr destek temin etmede pratik ad\u0131mlardan ibaret oldu\u011funu belirtti. Salim s\u00f6z konusu \u00e7ocuklar ve ailelerine maddi ve manevi destek temin eden \u00e7al\u0131\u015fmalar\u0131n yap\u0131laca\u011f\u0131na dikkat \u00e7ekti.<\/p>\n","protected":false},"excerpt":{"rendered":"<p>\u015eAM \u2013 Kanser hastas\u0131 \u00e7ocuklara destek ama\u00e7l\u0131 faaliyetlerde bulunan Besme Hay\u0131r Cemiyeti, y\u0131ll\u0131k plan\u0131 kapsam\u0131nda \u015eubat ay\u0131 projesini \u2018Tebess\u00fcm Geri D\u00f6nd\u00fc\u2019 slogan\u0131 alt\u0131nda ba\u015flatt\u0131. Bir\u00e7ok resmi ve sivil toplum faaliyetlerinin de kat\u0131ld\u0131klar\u0131 projede kanser hastas\u0131 \u00e7ocuklar\u0131n\u0131n sa\u011fl\u0131k, sosyal ve psikolojik durumlar\u0131n\u0131 iyile\u015ftirme amac\u0131yla bir dizi etkinlik ve \u00e7al\u0131\u015fma yer al\u0131yor. Besme Cemiyetinin y\u00fcr\u00fctme m\u00fcd\u00fcr\u00fc Rima &hellip;<\/p>\n","protected":false},"author":1,"featured_media":137807,"comment_status":"closed","ping_status":"closed","sticky":false,"template":"","format":"standard","meta":{"footnotes":""},"categories":[526,479,541,17988,525,538,478],"tags":[34876,30154,16595,3838,34875],"class_list":["post-137794","post","type-post","status-publish","format-standard","has-post-thumbnail","","category-haber-ve-raporlar","category-haberler-yerel","category-haberler","category-son-haberler","category-toplum","category-yasam","category-yerel","tag-besme-cemiyetini","tag-kanser-hastasi-cocuklar","tag-saglik","tag-sosyal","tag-tebessum-geri-dondu"],"_links":{"self":[{"href":"https:\/\/archive.sana.sy\/tr\/index.php?rest_route=\/wp\/v2\/posts\/137794","targetHints":{"allow":["GET"]}}],"collection":[{"href":"https:\/\/archive.sana.sy\/tr\/index.php?rest_route=\/wp\/v2\/posts"}],"about":[{"href":"https:\/\/archive.sana.sy\/tr\/index.php?rest_route=\/wp\/v2\/types\/post"}],"author":[{"embeddable":true,"href":"https:\/\/archive.sana.sy\/tr\/index.php?rest_route=\/wp\/v2\/users\/1"}],"replies":[{"embeddable":true,"href":"https:\/\/archive.sana.sy\/tr\/index.php?rest_route=%2Fwp%2Fv2%2Fcomments&post=137794"}],"version-history":[{"count":0,"href":"https:\/\/archive.sana.sy\/tr\/index.php?rest_route=\/wp\/v2\/posts\/137794\/revisions"}],"wp:featuredmedia":[{"embeddable":true,"href":"https:\/\/archive.sana.sy\/tr\/index.php?rest_route=\/wp\/v2\/media\/137807"}],"wp:attachment":[{"href":"https:\/\/archive.sana.sy\/tr\/index.php?rest_route=%2Fwp%2Fv2%2Fmedia&parent=137794"}],"wp:term":[{"taxonomy":"category","embeddable":true,"href":"https:\/\/archive.sana.sy\/tr\/index.php?rest_route=%2Fwp%2Fv2%2Fcategories&post=137794"},{"taxonomy":"post_tag","embeddable":true,"href":"https:\/\/archive.sana.sy\/tr\/index.php?rest_route=%2Fwp%2Fv2%2Ftags&post=137794"}],"curies":[{"name":"wp","href":"https:\/\/api.w.org\/{rel}","templated":true}]}}