{"id":137840,"date":"2018-02-09T17:51:21","date_gmt":"2018-02-09T15:51:21","guid":{"rendered":"https:\/\/www.sana.sy\/tr\/?p=137840"},"modified":"2018-02-10T10:09:38","modified_gmt":"2018-02-10T08:09:38","slug":"trompetci-nizardan-muzik-soleni","status":"publish","type":"post","link":"https:\/\/archive.sana.sy\/tr\/?p=137840","title":{"rendered":"Trompet\u00e7i Nizar\u2019dan M\u00fczik \u015e\u00f6leni"},"content":{"rendered":"<p>Homs \u2013 Trompet\u00e7i Nizar Omran, Homs K\u00fclt\u00fcr Merkezinde &#8221; do\u011fu kal\u0131plar\u0131n\u0131 kullanarak Ya\u015fam \u00d6yk\u00fcs\u00fc&#8221; slogan\u0131 alt\u0131nda Suriye\u2019nin k\u00fclt\u00fcrel miras\u0131yla uyumlu bir m\u00fczik \u015f\u00f6leni sundu.<\/p>\n<p><a href=\"https:\/\/www.sana.sy\/tr\/wp-content\/uploads\/2018\/02\/h1.jpg\"><img loading=\"lazy\" decoding=\"async\" class=\"alignright wp-image-137848 size-medium\" src=\"https:\/\/www.sana.sy\/tr\/wp-content\/uploads\/2018\/02\/h1-300x196.jpg\" alt=\"\" width=\"300\" height=\"196\" srcset=\"https:\/\/archive.sana.sy\/tr\/wp-content\/uploads\/2018\/02\/h1-300x196.jpg 300w, https:\/\/archive.sana.sy\/tr\/wp-content\/uploads\/2018\/02\/h1-150x98.jpg 150w, https:\/\/archive.sana.sy\/tr\/wp-content\/uploads\/2018\/02\/h1.jpg 660w\" sizes=\"auto, (max-width: 300px) 100vw, 300px\" \/><\/a>Omran\u2019a kanun, gitar ve parkinson aletleri \u00e7alan bir\u00e7ok m\u00fczisyen e\u015flik etti.<br \/>\n\u015e\u00f6lende Omran\u2019n\u0131n besteledi\u011fi \u015fark\u0131lara ek olarak S\u00fcveyda \u0130linin k\u00fclt\u00fcrel miras\u0131ndan baz\u0131 halk eserleri de yorumland\u0131.<\/p>\n<p>Omran, SANA\u2019n\u0131n Homs muhabirine yapt\u0131\u011f\u0131 a\u00e7\u0131klamada, trompet aletini oryantal m\u00fczikle orant\u0131l\u0131 olarak uyarlamay\u0131 ilk kez Homs&#8217;ta ger\u00e7ekle\u015ftirdi\u011fini s\u00f6yledi.<\/p>\n<p>K.\u00d6.<\/p>\n","protected":false},"excerpt":{"rendered":"<p>Homs \u2013 Trompet\u00e7i Nizar Omran, Homs K\u00fclt\u00fcr Merkezinde &#8221; do\u011fu kal\u0131plar\u0131n\u0131 kullanarak Ya\u015fam \u00d6yk\u00fcs\u00fc&#8221; slogan\u0131 alt\u0131nda Suriye\u2019nin k\u00fclt\u00fcrel miras\u0131yla uyumlu bir m\u00fczik \u015f\u00f6leni sundu. Omran\u2019a kanun, gitar ve parkinson aletleri \u00e7alan bir\u00e7ok m\u00fczisyen e\u015flik etti. \u015e\u00f6lende Omran\u2019n\u0131n besteledi\u011fi \u015fark\u0131lara ek olarak S\u00fcveyda \u0130linin k\u00fclt\u00fcrel miras\u0131ndan baz\u0131 halk eserleri de yorumland\u0131. Omran, SANA\u2019n\u0131n Homs muhabirine yapt\u0131\u011f\u0131 &hellip;<\/p>\n","protected":false},"author":1,"featured_media":137847,"comment_status":"closed","ping_status":"closed","sticky":false,"template":"","format":"standard","meta":{"footnotes":""},"categories":[516,511,17988],"tags":[34887,16591,22181,34886,34888],"class_list":["post-137840","post","type-post","status-publish","format-standard","has-post-thumbnail","","category-haberler-kultur-ve-sanat","category-kultur-ve-sanat","category-son-haberler","tag-homs-kultur-merkezi","tag-suriye","tag-suriyeliler","tag-trompetci-nizar-omran","tag-yasam-oykusu"],"_links":{"self":[{"href":"https:\/\/archive.sana.sy\/tr\/index.php?rest_route=\/wp\/v2\/posts\/137840","targetHints":{"allow":["GET"]}}],"collection":[{"href":"https:\/\/archive.sana.sy\/tr\/index.php?rest_route=\/wp\/v2\/posts"}],"about":[{"href":"https:\/\/archive.sana.sy\/tr\/index.php?rest_route=\/wp\/v2\/types\/post"}],"author":[{"embeddable":true,"href":"https:\/\/archive.sana.sy\/tr\/index.php?rest_route=\/wp\/v2\/users\/1"}],"replies":[{"embeddable":true,"href":"https:\/\/archive.sana.sy\/tr\/index.php?rest_route=%2Fwp%2Fv2%2Fcomments&post=137840"}],"version-history":[{"count":0,"href":"https:\/\/archive.sana.sy\/tr\/index.php?rest_route=\/wp\/v2\/posts\/137840\/revisions"}],"wp:featuredmedia":[{"embeddable":true,"href":"https:\/\/archive.sana.sy\/tr\/index.php?rest_route=\/wp\/v2\/media\/137847"}],"wp:attachment":[{"href":"https:\/\/archive.sana.sy\/tr\/index.php?rest_route=%2Fwp%2Fv2%2Fmedia&parent=137840"}],"wp:term":[{"taxonomy":"category","embeddable":true,"href":"https:\/\/archive.sana.sy\/tr\/index.php?rest_route=%2Fwp%2Fv2%2Fcategories&post=137840"},{"taxonomy":"post_tag","embeddable":true,"href":"https:\/\/archive.sana.sy\/tr\/index.php?rest_route=%2Fwp%2Fv2%2Ftags&post=137840"}],"curies":[{"name":"wp","href":"https:\/\/api.w.org\/{rel}","templated":true}]}}