{"id":138080,"date":"2018-02-12T13:03:20","date_gmt":"2018-02-12T11:03:20","guid":{"rendered":"https:\/\/www.sana.sy\/tr\/?p=138080"},"modified":"2018-02-13T12:24:22","modified_gmt":"2018-02-13T10:24:22","slug":"gri-renginin-siyah-ve-beyaz-arasinda-yeri-yoktur-video","status":"publish","type":"post","link":"https:\/\/archive.sana.sy\/tr\/?p=138080","title":{"rendered":"Gri Renginin Siyah ve Beyaz Aras\u0131nda Yeri Yoktur (video)"},"content":{"rendered":"<p>\u015eAM \u2013 Bazalt Sinema ve Televizyon Yap\u0131mc\u0131l\u0131\u011f\u0131 Enstit\u00fcs\u00fcnden 22 \u00f6\u011frenci Hamra Tiyatro Salonunda \u2018Denge\u2019 adl\u0131 tiyatro oyunlar\u0131n\u0131n sunumuna ba\u015flad\u0131.<\/p>\n<p><a href=\"https:\/\/www.sana.sy\/tr\/wp-content\/uploads\/2018\/02\/4-17.jpg\"><img loading=\"lazy\" decoding=\"async\" class=\"alignright wp-image-138082 size-medium\" src=\"https:\/\/www.sana.sy\/tr\/wp-content\/uploads\/2018\/02\/4-17-300x168.jpg\" alt=\"\" width=\"300\" height=\"168\" srcset=\"https:\/\/archive.sana.sy\/tr\/wp-content\/uploads\/2018\/02\/4-17-300x168.jpg 300w, https:\/\/archive.sana.sy\/tr\/wp-content\/uploads\/2018\/02\/4-17-150x84.jpg 150w, https:\/\/archive.sana.sy\/tr\/wp-content\/uploads\/2018\/02\/4-17.jpg 660w\" sizes=\"auto, (max-width: 300px) 100vw, 300px\" \/><\/a>Suriye&#8217;de mevcut s\u00fcrecin ele al\u0131nd\u0131\u011f\u0131 tiyatro oyununda oyuncular\u0131n bir k\u0131sm\u0131 beyaz, bir k\u0131sm\u0131 da beyaz giyinirken sahneye g\u00f6re muhtelif m\u00fczik e\u015fli\u011finde diyalogsuz harika bir performans sergilediler.<\/p>\n<p>Sava\u015f diyalekti\u011fine kayan tiyatro oyununda hareket, \u0131\u015f\u0131k, m\u00fczik ve kost\u00fcm\u00fc harmanlarken, sava\u015fta gri renginin yeri olmad\u0131\u011f\u0131n\u0131, t\u00fcm renklerin siyah ve beyaz olmas\u0131 durumunu somutla\u015ft\u0131rd\u0131.,<\/p>\n<div id='gallery-1' class='gallery galleryid-138080 gallery-columns-2 gallery-size-medium'><figure class='gallery-item'>\n\t\t\t<div class='gallery-icon landscape'>\n\t\t\t\t<a href='https:\/\/archive.sana.sy\/tr\/wp-content\/uploads\/2018\/02\/2-48.jpg'><img loading=\"lazy\" decoding=\"async\" width=\"300\" height=\"168\" src=\"https:\/\/archive.sana.sy\/tr\/wp-content\/uploads\/2018\/02\/2-48-300x168.jpg\" class=\"attachment-medium size-medium\" alt=\"\" srcset=\"https:\/\/archive.sana.sy\/tr\/wp-content\/uploads\/2018\/02\/2-48-300x168.jpg 300w, https:\/\/archive.sana.sy\/tr\/wp-content\/uploads\/2018\/02\/2-48-150x84.jpg 150w, https:\/\/archive.sana.sy\/tr\/wp-content\/uploads\/2018\/02\/2-48.jpg 660w\" sizes=\"auto, (max-width: 300px) 100vw, 300px\" \/><\/a>\n\t\t\t<\/div><\/figure><figure class='gallery-item'>\n\t\t\t<div class='gallery-icon landscape'>\n\t\t\t\t<a href='https:\/\/archive.sana.sy\/tr\/wp-content\/uploads\/2018\/02\/3-35.jpg'><img loading=\"lazy\" decoding=\"async\" width=\"300\" height=\"168\" src=\"https:\/\/archive.sana.sy\/tr\/wp-content\/uploads\/2018\/02\/3-35-300x168.jpg\" class=\"attachment-medium size-medium\" alt=\"\" srcset=\"https:\/\/archive.sana.sy\/tr\/wp-content\/uploads\/2018\/02\/3-35-300x168.jpg 300w, https:\/\/archive.sana.sy\/tr\/wp-content\/uploads\/2018\/02\/3-35-150x84.jpg 150w, https:\/\/archive.sana.sy\/tr\/wp-content\/uploads\/2018\/02\/3-35.jpg 660w\" sizes=\"auto, (max-width: 300px) 100vw, 300px\" \/><\/a>\n\t\t\t<\/div><\/figure>\n\t\t<\/div>\n\n<p>&nbsp;<\/p>\n<p>https:\/\/www.youtube.com\/watch?v=jtQE4xfjKBc<\/p>\n","protected":false},"excerpt":{"rendered":"<p>\u015eAM \u2013 Bazalt Sinema ve Televizyon Yap\u0131mc\u0131l\u0131\u011f\u0131 Enstit\u00fcs\u00fcnden 22 \u00f6\u011frenci Hamra Tiyatro Salonunda \u2018Denge\u2019 adl\u0131 tiyatro oyunlar\u0131n\u0131n sunumuna ba\u015flad\u0131. Suriye&#8217;de mevcut s\u00fcrecin ele al\u0131nd\u0131\u011f\u0131 tiyatro oyununda oyuncular\u0131n bir k\u0131sm\u0131 beyaz, bir k\u0131sm\u0131 da beyaz giyinirken sahneye g\u00f6re muhtelif m\u00fczik e\u015fli\u011finde diyalogsuz harika bir performans sergilediler. Sava\u015f diyalekti\u011fine kayan tiyatro oyununda hareket, \u0131\u015f\u0131k, m\u00fczik ve kost\u00fcm\u00fc &hellip;<\/p>\n","protected":false},"author":1,"featured_media":138081,"comment_status":"closed","ping_status":"closed","sticky":false,"template":"","format":"standard","meta":{"footnotes":""},"categories":[479,516,511,17988,478],"tags":[],"class_list":["post-138080","post","type-post","status-publish","format-standard","has-post-thumbnail","","category-haberler-yerel","category-haberler-kultur-ve-sanat","category-kultur-ve-sanat","category-son-haberler","category-yerel"],"_links":{"self":[{"href":"https:\/\/archive.sana.sy\/tr\/index.php?rest_route=\/wp\/v2\/posts\/138080","targetHints":{"allow":["GET"]}}],"collection":[{"href":"https:\/\/archive.sana.sy\/tr\/index.php?rest_route=\/wp\/v2\/posts"}],"about":[{"href":"https:\/\/archive.sana.sy\/tr\/index.php?rest_route=\/wp\/v2\/types\/post"}],"author":[{"embeddable":true,"href":"https:\/\/archive.sana.sy\/tr\/index.php?rest_route=\/wp\/v2\/users\/1"}],"replies":[{"embeddable":true,"href":"https:\/\/archive.sana.sy\/tr\/index.php?rest_route=%2Fwp%2Fv2%2Fcomments&post=138080"}],"version-history":[{"count":0,"href":"https:\/\/archive.sana.sy\/tr\/index.php?rest_route=\/wp\/v2\/posts\/138080\/revisions"}],"wp:featuredmedia":[{"embeddable":true,"href":"https:\/\/archive.sana.sy\/tr\/index.php?rest_route=\/wp\/v2\/media\/138081"}],"wp:attachment":[{"href":"https:\/\/archive.sana.sy\/tr\/index.php?rest_route=%2Fwp%2Fv2%2Fmedia&parent=138080"}],"wp:term":[{"taxonomy":"category","embeddable":true,"href":"https:\/\/archive.sana.sy\/tr\/index.php?rest_route=%2Fwp%2Fv2%2Fcategories&post=138080"},{"taxonomy":"post_tag","embeddable":true,"href":"https:\/\/archive.sana.sy\/tr\/index.php?rest_route=%2Fwp%2Fv2%2Ftags&post=138080"}],"curies":[{"name":"wp","href":"https:\/\/api.w.org\/{rel}","templated":true}]}}