{"id":138141,"date":"2018-02-13T13:20:00","date_gmt":"2018-02-13T11:20:00","guid":{"rendered":"https:\/\/www.sana.sy\/tr\/?p=138141"},"modified":"2018-02-14T10:53:51","modified_gmt":"2018-02-14T08:53:51","slug":"erdogan-rejimi-afrin-hastanesini-bombaladi","status":"publish","type":"post","link":"https:\/\/archive.sana.sy\/tr\/?p=138141","title":{"rendered":"Erdo\u011fan Rejimi Afrin Hastanesini Bombalad\u0131"},"content":{"rendered":"<p>HALEP \u2013 Erdo\u011fan rejimine tabi g\u00fc\u00e7ler ve komuta ettikleri eli kanl\u0131 ter\u00f6r \u00f6rg\u00fctleri Halep k\u0131rsal\u0131n\u0131n kuzeyi Afrin B\u00f6lgesine muhtelif t\u00fcr silahlarla bombard\u0131manlar\u0131n\u0131 s\u00fcrd\u00fcr\u00fcyor.<\/p>\n<p>Yerel kaynaklar Erdo\u011fan g\u00fc\u00e7leri ve beraberlerindeki ter\u00f6r \u00f6rg\u00fctlerin bug\u00fcn Afrin Hastanesinin yan\u0131 s\u0131ra sivil vatanda\u015flarla dolup ta\u015fan Afrin sokaklar\u0131 ve sivil yerle\u015fim evlerini yo\u011fun bir \u015fekilde bombalad\u0131klar\u0131n\u0131 belirtti.<\/p>\n<p>Kaynaklar bombard\u0131man sonucunda 1 vatanda\u015f\u0131n \u015fehit, 4 vatanda\u015f\u0131n da yaral\u0131 d\u00fc\u015ft\u00fc\u011f\u00fcn\u00fc aktar\u0131rlarken, hastanede b\u00fcy\u00fck hasar\u0131n meydana geldi\u011fini kaydetti.<\/p>\n","protected":false},"excerpt":{"rendered":"<p>HALEP \u2013 Erdo\u011fan rejimine tabi g\u00fc\u00e7ler ve komuta ettikleri eli kanl\u0131 ter\u00f6r \u00f6rg\u00fctleri Halep k\u0131rsal\u0131n\u0131n kuzeyi Afrin B\u00f6lgesine muhtelif t\u00fcr silahlarla bombard\u0131manlar\u0131n\u0131 s\u00fcrd\u00fcr\u00fcyor. Yerel kaynaklar Erdo\u011fan g\u00fc\u00e7leri ve beraberlerindeki ter\u00f6r \u00f6rg\u00fctlerin bug\u00fcn Afrin Hastanesinin yan\u0131 s\u0131ra sivil vatanda\u015flarla dolup ta\u015fan Afrin sokaklar\u0131 ve sivil yerle\u015fim evlerini yo\u011fun bir \u015fekilde bombalad\u0131klar\u0131n\u0131 belirtti. Kaynaklar bombard\u0131man sonucunda 1 &hellip;<\/p>\n","protected":false},"author":1,"featured_media":138148,"comment_status":"closed","ping_status":"closed","sticky":false,"template":"","format":"standard","meta":{"footnotes":""},"categories":[479,575,17988,2554,2555,478],"tags":[4096,22181],"class_list":["post-138141","post","type-post","status-publish","format-standard","has-post-thumbnail","","category-haberler-yerel","category-olaylar-ve-gercekler","category-son-haberler","category-suriye-ve-dunya","category-suriye-ve-turkiye","category-yerel","tag-afrin","tag-suriyeliler"],"_links":{"self":[{"href":"https:\/\/archive.sana.sy\/tr\/index.php?rest_route=\/wp\/v2\/posts\/138141","targetHints":{"allow":["GET"]}}],"collection":[{"href":"https:\/\/archive.sana.sy\/tr\/index.php?rest_route=\/wp\/v2\/posts"}],"about":[{"href":"https:\/\/archive.sana.sy\/tr\/index.php?rest_route=\/wp\/v2\/types\/post"}],"author":[{"embeddable":true,"href":"https:\/\/archive.sana.sy\/tr\/index.php?rest_route=\/wp\/v2\/users\/1"}],"replies":[{"embeddable":true,"href":"https:\/\/archive.sana.sy\/tr\/index.php?rest_route=%2Fwp%2Fv2%2Fcomments&post=138141"}],"version-history":[{"count":0,"href":"https:\/\/archive.sana.sy\/tr\/index.php?rest_route=\/wp\/v2\/posts\/138141\/revisions"}],"wp:featuredmedia":[{"embeddable":true,"href":"https:\/\/archive.sana.sy\/tr\/index.php?rest_route=\/wp\/v2\/media\/138148"}],"wp:attachment":[{"href":"https:\/\/archive.sana.sy\/tr\/index.php?rest_route=%2Fwp%2Fv2%2Fmedia&parent=138141"}],"wp:term":[{"taxonomy":"category","embeddable":true,"href":"https:\/\/archive.sana.sy\/tr\/index.php?rest_route=%2Fwp%2Fv2%2Fcategories&post=138141"},{"taxonomy":"post_tag","embeddable":true,"href":"https:\/\/archive.sana.sy\/tr\/index.php?rest_route=%2Fwp%2Fv2%2Ftags&post=138141"}],"curies":[{"name":"wp","href":"https:\/\/api.w.org\/{rel}","templated":true}]}}