{"id":138147,"date":"2018-02-13T13:30:36","date_gmt":"2018-02-13T11:30:36","guid":{"rendered":"https:\/\/www.sana.sy\/tr\/?p=138147"},"modified":"2018-02-14T10:53:46","modified_gmt":"2018-02-14T08:53:46","slug":"hem-ureticiye-hem-de-tuketiciye-destek","status":"publish","type":"post","link":"https:\/\/archive.sana.sy\/tr\/?p=138147","title":{"rendered":"Hem \u00dcreticiye, Hem de T\u00fcketiciye Destek"},"content":{"rendered":"<p>\u015eAM \u2013 \u015eam Sanayi Odas\u0131n\u0131n \u00fcreticiden direk t\u00fcketiciye sat\u0131\u015f\u0131n yap\u0131lmas\u0131yla hem \u00fcreticiye hem de t\u00fcketiciye destek ama\u00e7l\u0131 olarak her ay farkl\u0131 bir b\u00f6lgede \u2018Suriye&#8217;de \u00dcretilmi\u015ftir\u2019 slogan\u0131 alt\u0131nda d\u00fczenledi\u011fi ayl\u0131k al\u0131\u015fveri\u015f festivali ba\u015fkent \u015eam\u2019\u0131n Te\u015frin Tad\u0131nda faaliyetlerine ba\u015flad\u0131.<\/p>\n<p>\u015eam Sanayi Odas\u0131 \u00fcyesi ve festival organizat\u00f6r\u00fc Talal Kalaci festivalin bu devresine muhtelif alanlarda faaliyet g\u00f6steren yakla\u015f\u0131k 130 \u015firketin kat\u0131laca\u011f\u0131n\u0131 belirtti. Kalaci festivalde indirim kampanyalar\u0131n\u0131n mevcut oldu\u011funa dikkat \u00e7ekerken, vatanda\u015flara destek ama\u00e7l\u0131 olarak bu indirimlerin y\u00fczde 50 oran\u0131na vard\u0131\u011f\u0131n\u0131 kaydetti.<\/p>\n","protected":false},"excerpt":{"rendered":"<p>\u015eAM \u2013 \u015eam Sanayi Odas\u0131n\u0131n \u00fcreticiden direk t\u00fcketiciye sat\u0131\u015f\u0131n yap\u0131lmas\u0131yla hem \u00fcreticiye hem de t\u00fcketiciye destek ama\u00e7l\u0131 olarak her ay farkl\u0131 bir b\u00f6lgede \u2018Suriye&#8217;de \u00dcretilmi\u015ftir\u2019 slogan\u0131 alt\u0131nda d\u00fczenledi\u011fi ayl\u0131k al\u0131\u015fveri\u015f festivali ba\u015fkent \u015eam\u2019\u0131n Te\u015frin Tad\u0131nda faaliyetlerine ba\u015flad\u0131. \u015eam Sanayi Odas\u0131 \u00fcyesi ve festival organizat\u00f6r\u00fc Talal Kalaci festivalin bu devresine muhtelif alanlarda faaliyet g\u00f6steren yakla\u015f\u0131k 130 &hellip;<\/p>\n","protected":false},"author":1,"featured_media":138151,"comment_status":"closed","ping_status":"closed","sticky":false,"template":"","format":"standard","meta":{"footnotes":""},"categories":[485,486,17988],"tags":[34934,22181,33587,34935],"class_list":["post-138147","post","type-post","status-publish","format-standard","has-post-thumbnail","","category-is-ve-sermaye","category-haberler-is-ve-sermaye","category-son-haberler","tag-aliveris-festivali","tag-suriyeliler","tag-tuketiciye-destek","tag-ureticiye-deste"],"_links":{"self":[{"href":"https:\/\/archive.sana.sy\/tr\/index.php?rest_route=\/wp\/v2\/posts\/138147","targetHints":{"allow":["GET"]}}],"collection":[{"href":"https:\/\/archive.sana.sy\/tr\/index.php?rest_route=\/wp\/v2\/posts"}],"about":[{"href":"https:\/\/archive.sana.sy\/tr\/index.php?rest_route=\/wp\/v2\/types\/post"}],"author":[{"embeddable":true,"href":"https:\/\/archive.sana.sy\/tr\/index.php?rest_route=\/wp\/v2\/users\/1"}],"replies":[{"embeddable":true,"href":"https:\/\/archive.sana.sy\/tr\/index.php?rest_route=%2Fwp%2Fv2%2Fcomments&post=138147"}],"version-history":[{"count":0,"href":"https:\/\/archive.sana.sy\/tr\/index.php?rest_route=\/wp\/v2\/posts\/138147\/revisions"}],"wp:featuredmedia":[{"embeddable":true,"href":"https:\/\/archive.sana.sy\/tr\/index.php?rest_route=\/wp\/v2\/media\/138151"}],"wp:attachment":[{"href":"https:\/\/archive.sana.sy\/tr\/index.php?rest_route=%2Fwp%2Fv2%2Fmedia&parent=138147"}],"wp:term":[{"taxonomy":"category","embeddable":true,"href":"https:\/\/archive.sana.sy\/tr\/index.php?rest_route=%2Fwp%2Fv2%2Fcategories&post=138147"},{"taxonomy":"post_tag","embeddable":true,"href":"https:\/\/archive.sana.sy\/tr\/index.php?rest_route=%2Fwp%2Fv2%2Ftags&post=138147"}],"curies":[{"name":"wp","href":"https:\/\/api.w.org\/{rel}","templated":true}]}}