{"id":138160,"date":"2018-02-13T15:54:01","date_gmt":"2018-02-13T13:54:01","guid":{"rendered":"https:\/\/www.sana.sy\/tr\/?p=138160"},"modified":"2018-02-14T10:52:24","modified_gmt":"2018-02-14T08:52:24","slug":"matematiksel-mantikta-dunya-birincisi","status":"publish","type":"post","link":"https:\/\/archive.sana.sy\/tr\/?p=138160","title":{"rendered":"Matematiksel Mant\u0131kta D\u00fcnya Birincisi"},"content":{"rendered":"<p>KAH\u0130RE \u2013 Suriyeli 12 ya\u015flar\u0131ndaki Nur \u0130brahim son olarak Malezya\u2019da d\u00fczenlenen Uluslararas\u0131 Matematiksel Mant\u0131k Yar\u0131\u015fmas\u0131nda d\u00fcnya birincili\u011fini kazand\u0131.<a href=\"https:\/\/www.sana.sy\/tr\/wp-content\/uploads\/2018\/02\/2-54.jpg\"><img loading=\"lazy\" decoding=\"async\" class=\"alignright wp-image-138162 size-thumbnail\" src=\"https:\/\/www.sana.sy\/tr\/wp-content\/uploads\/2018\/02\/2-54-100x150.jpg\" alt=\"\" width=\"100\" height=\"150\" srcset=\"https:\/\/archive.sana.sy\/tr\/wp-content\/uploads\/2018\/02\/2-54-100x150.jpg 100w, https:\/\/archive.sana.sy\/tr\/wp-content\/uploads\/2018\/02\/2-54-200x300.jpg 200w, https:\/\/archive.sana.sy\/tr\/wp-content\/uploads\/2018\/02\/2-54.jpg 350w\" sizes=\"auto, (max-width: 100px) 100vw, 100px\" \/><\/a><\/p>\n<p>Suriyeli \u00e7ocuk Nur \u00fcst\u00fcn yetene\u011fi ile d\u00fcnyan\u0131n farkl\u0131 \u00fclkelerinden yar\u0131\u015fmaya kat\u0131lan 3 binden fazla \u00e7ocu\u011fu arkas\u0131nda b\u0131rak\u0131p Suriyelilerin onurlu ve azimli bir modelini takdim etmeyi ba\u015fard\u0131.<\/p>\n<p>SANA\u2019ya konu\u015fan Nur, okul hayat\u0131nda \u00f6zellikle matematikte gayet ba\u015far\u0131l\u0131 oldu\u011funu ifade ederken, bir\u00e7ok yar\u0131\u015fmada birincili\u011fi kazand\u0131\u011f\u0131na dikkat \u00e7ekti.<\/p>\n<p>Nur ailesinin bu ba\u015far\u0131s\u0131n\u0131 s\u00fcrd\u00fcrmesi i\u00e7in gereken ko\u015fullar\u0131 temin etti\u011fini ifade ederken, M\u0131s\u0131r\u2019da da 244 matematik sorusunu 8 dakikada \u00e7\u00f6zerek yine birincili\u011fi kazand\u0131\u011f\u0131n\u0131 kaydetti.<\/p>\n","protected":false},"excerpt":{"rendered":"<p>KAH\u0130RE \u2013 Suriyeli 12 ya\u015flar\u0131ndaki Nur \u0130brahim son olarak Malezya\u2019da d\u00fczenlenen Uluslararas\u0131 Matematiksel Mant\u0131k Yar\u0131\u015fmas\u0131nda d\u00fcnya birincili\u011fini kazand\u0131. Suriyeli \u00e7ocuk Nur \u00fcst\u00fcn yetene\u011fi ile d\u00fcnyan\u0131n farkl\u0131 \u00fclkelerinden yar\u0131\u015fmaya kat\u0131lan 3 binden fazla \u00e7ocu\u011fu arkas\u0131nda b\u0131rak\u0131p Suriyelilerin onurlu ve azimli bir modelini takdim etmeyi ba\u015fard\u0131. SANA\u2019ya konu\u015fan Nur, okul hayat\u0131nda \u00f6zellikle matematikte gayet ba\u015far\u0131l\u0131 oldu\u011funu ifade &hellip;<\/p>\n","protected":false},"author":1,"featured_media":138161,"comment_status":"closed","ping_status":"closed","sticky":false,"template":"","format":"standard","meta":{"footnotes":""},"categories":[526,541,516,511,17988,525,538],"tags":[34938,34937,25414,22181],"class_list":["post-138160","post","type-post","status-publish","format-standard","has-post-thumbnail","","category-haber-ve-raporlar","category-haberler","category-haberler-kultur-ve-sanat","category-kultur-ve-sanat","category-son-haberler","category-toplum","category-yasam","tag-bilimsel-yarismalar","tag-matematiksel-mantik","tag-suriyeli-cocuklar","tag-suriyeliler"],"_links":{"self":[{"href":"https:\/\/archive.sana.sy\/tr\/index.php?rest_route=\/wp\/v2\/posts\/138160","targetHints":{"allow":["GET"]}}],"collection":[{"href":"https:\/\/archive.sana.sy\/tr\/index.php?rest_route=\/wp\/v2\/posts"}],"about":[{"href":"https:\/\/archive.sana.sy\/tr\/index.php?rest_route=\/wp\/v2\/types\/post"}],"author":[{"embeddable":true,"href":"https:\/\/archive.sana.sy\/tr\/index.php?rest_route=\/wp\/v2\/users\/1"}],"replies":[{"embeddable":true,"href":"https:\/\/archive.sana.sy\/tr\/index.php?rest_route=%2Fwp%2Fv2%2Fcomments&post=138160"}],"version-history":[{"count":0,"href":"https:\/\/archive.sana.sy\/tr\/index.php?rest_route=\/wp\/v2\/posts\/138160\/revisions"}],"wp:featuredmedia":[{"embeddable":true,"href":"https:\/\/archive.sana.sy\/tr\/index.php?rest_route=\/wp\/v2\/media\/138161"}],"wp:attachment":[{"href":"https:\/\/archive.sana.sy\/tr\/index.php?rest_route=%2Fwp%2Fv2%2Fmedia&parent=138160"}],"wp:term":[{"taxonomy":"category","embeddable":true,"href":"https:\/\/archive.sana.sy\/tr\/index.php?rest_route=%2Fwp%2Fv2%2Fcategories&post=138160"},{"taxonomy":"post_tag","embeddable":true,"href":"https:\/\/archive.sana.sy\/tr\/index.php?rest_route=%2Fwp%2Fv2%2Ftags&post=138160"}],"curies":[{"name":"wp","href":"https:\/\/api.w.org\/{rel}","templated":true}]}}