{"id":138427,"date":"2018-02-16T13:18:26","date_gmt":"2018-02-16T11:18:26","guid":{"rendered":"https:\/\/www.sana.sy\/tr\/?p=138427"},"modified":"2018-02-17T10:43:40","modified_gmt":"2018-02-17T08:43:40","slug":"suriye-liliti-filminin-galasi-yapildi-video","status":"publish","type":"post","link":"https:\/\/archive.sana.sy\/tr\/?p=138427","title":{"rendered":"Suriye Liliti Filminin Galas\u0131 Yap\u0131ld\u0131 (video)"},"content":{"rendered":"<p>\u015eAM \u2013 Sinema Kamu Kurumunun yap\u0131m\u0131 olan \u2018Suriye Liliti\u2019 filminin galas\u0131 d\u00fcn ak\u015fam Esad K\u00fclt\u00fcr Sanat Merkezinde yap\u0131ld\u0131.<\/p>\n<p>C\u00fcheyna Avvam\u2019\u0131n \u2018Ay\u0131n G\u00f6be\u011fi Alt\u0131nda\u2019 adl\u0131 roman\u0131ndan al\u0131nm\u0131\u015f olup Gassan \u015emayt\u2019\u0131n kaleme al\u0131p y\u00f6netti\u011fi sinema filminde Suriye <a href=\"https:\/\/www.sana.sy\/tr\/wp-content\/uploads\/2018\/02\/6-14.jpg\"><img loading=\"lazy\" decoding=\"async\" class=\"alignright wp-image-138429 size-medium\" src=\"https:\/\/www.sana.sy\/tr\/wp-content\/uploads\/2018\/02\/6-14-300x200.jpg\" alt=\"\" width=\"300\" height=\"200\" srcset=\"https:\/\/archive.sana.sy\/tr\/wp-content\/uploads\/2018\/02\/6-14-300x200.jpg 300w, https:\/\/archive.sana.sy\/tr\/wp-content\/uploads\/2018\/02\/6-14-150x100.jpg 150w, https:\/\/archive.sana.sy\/tr\/wp-content\/uploads\/2018\/02\/6-14-768x511.jpg 768w, https:\/\/archive.sana.sy\/tr\/wp-content\/uploads\/2018\/02\/6-14-1024x682.jpg 1024w\" sizes=\"auto, (max-width: 300px) 100vw, 300px\" \/><\/a>toplumunun zengin etnik ve dini yap\u0131s\u0131na \u0131\u015f\u0131k tutuluyor. Filmin konusu Suriyeli muhtelif \u015fahsiyetlerin \u015fekil olarak farkl\u0131l\u0131klar\u0131na ra\u011fmen aralar\u0131ndaki sevgi, uyumluluk ve ba\u011flara dikkat \u00e7ekiyor.<\/p>\n<p>Bu arada Lilit; milattan \u00f6nce 3 bin y\u0131llar\u0131nda beraberinde hastal\u0131k ve k\u00f6t\u00fcl\u00fck getiren f\u0131rt\u0131na \u015feytan\u0131 olarak bilinirken, daha sonra kara gece anlam\u0131n\u0131 ald\u0131.<\/p>\n<p>K.\u00d6.<\/p>\n<p>https:\/\/www.youtube.com\/watch?v=LhvqPd6HoDY<\/p>\n<p>&nbsp;<\/p>\n<div id='gallery-1' class='gallery galleryid-138427 gallery-columns-4 gallery-size-thumbnail'><figure class='gallery-item'>\n\t\t\t<div class='gallery-icon landscape'>\n\t\t\t\t<a href='https:\/\/archive.sana.sy\/tr\/wp-content\/uploads\/2018\/02\/5-21.jpg'><img loading=\"lazy\" decoding=\"async\" width=\"150\" height=\"100\" src=\"https:\/\/archive.sana.sy\/tr\/wp-content\/uploads\/2018\/02\/5-21-150x100.jpg\" class=\"attachment-thumbnail size-thumbnail\" alt=\"\" srcset=\"https:\/\/archive.sana.sy\/tr\/wp-content\/uploads\/2018\/02\/5-21-150x100.jpg 150w, https:\/\/archive.sana.sy\/tr\/wp-content\/uploads\/2018\/02\/5-21-300x200.jpg 300w, https:\/\/archive.sana.sy\/tr\/wp-content\/uploads\/2018\/02\/5-21-768x511.jpg 768w, https:\/\/archive.sana.sy\/tr\/wp-content\/uploads\/2018\/02\/5-21-1024x681.jpg 1024w, https:\/\/archive.sana.sy\/tr\/wp-content\/uploads\/2018\/02\/5-21-310x205.jpg 310w\" sizes=\"auto, (max-width: 150px) 100vw, 150px\" \/><\/a>\n\t\t\t<\/div><\/figure><figure class='gallery-item'>\n\t\t\t<div class='gallery-icon landscape'>\n\t\t\t\t<a href='https:\/\/archive.sana.sy\/tr\/wp-content\/uploads\/2018\/02\/1-124.jpg'><img loading=\"lazy\" decoding=\"async\" width=\"150\" height=\"96\" src=\"https:\/\/archive.sana.sy\/tr\/wp-content\/uploads\/2018\/02\/1-124-150x96.jpg\" class=\"attachment-thumbnail size-thumbnail\" alt=\"\" srcset=\"https:\/\/archive.sana.sy\/tr\/wp-content\/uploads\/2018\/02\/1-124-150x96.jpg 150w, https:\/\/archive.sana.sy\/tr\/wp-content\/uploads\/2018\/02\/1-124-300x193.jpg 300w, https:\/\/archive.sana.sy\/tr\/wp-content\/uploads\/2018\/02\/1-124-768x493.jpg 768w, https:\/\/archive.sana.sy\/tr\/wp-content\/uploads\/2018\/02\/1-124-1024x658.jpg 1024w\" sizes=\"auto, (max-width: 150px) 100vw, 150px\" \/><\/a>\n\t\t\t<\/div><\/figure><figure class='gallery-item'>\n\t\t\t<div class='gallery-icon landscape'>\n\t\t\t\t<a href='https:\/\/archive.sana.sy\/tr\/wp-content\/uploads\/2018\/02\/2-70.jpg'><img loading=\"lazy\" decoding=\"async\" width=\"150\" height=\"96\" src=\"https:\/\/archive.sana.sy\/tr\/wp-content\/uploads\/2018\/02\/2-70-150x96.jpg\" class=\"attachment-thumbnail size-thumbnail\" alt=\"\" srcset=\"https:\/\/archive.sana.sy\/tr\/wp-content\/uploads\/2018\/02\/2-70-150x96.jpg 150w, https:\/\/archive.sana.sy\/tr\/wp-content\/uploads\/2018\/02\/2-70-300x192.jpg 300w, https:\/\/archive.sana.sy\/tr\/wp-content\/uploads\/2018\/02\/2-70-768x492.jpg 768w, https:\/\/archive.sana.sy\/tr\/wp-content\/uploads\/2018\/02\/2-70-1024x656.jpg 1024w\" sizes=\"auto, (max-width: 150px) 100vw, 150px\" \/><\/a>\n\t\t\t<\/div><\/figure><figure class='gallery-item'>\n\t\t\t<div class='gallery-icon landscape'>\n\t\t\t\t<a href='https:\/\/archive.sana.sy\/tr\/wp-content\/uploads\/2018\/02\/3-48.jpg'><img loading=\"lazy\" decoding=\"async\" width=\"150\" height=\"100\" src=\"https:\/\/archive.sana.sy\/tr\/wp-content\/uploads\/2018\/02\/3-48-150x100.jpg\" class=\"attachment-thumbnail size-thumbnail\" alt=\"\" srcset=\"https:\/\/archive.sana.sy\/tr\/wp-content\/uploads\/2018\/02\/3-48-150x100.jpg 150w, https:\/\/archive.sana.sy\/tr\/wp-content\/uploads\/2018\/02\/3-48-300x200.jpg 300w, https:\/\/archive.sana.sy\/tr\/wp-content\/uploads\/2018\/02\/3-48-768x511.jpg 768w, https:\/\/archive.sana.sy\/tr\/wp-content\/uploads\/2018\/02\/3-48-1024x682.jpg 1024w, https:\/\/archive.sana.sy\/tr\/wp-content\/uploads\/2018\/02\/3-48-310x205.jpg 310w\" sizes=\"auto, (max-width: 150px) 100vw, 150px\" \/><\/a>\n\t\t\t<\/div><\/figure>\n\t\t<\/div>\n\n","protected":false},"excerpt":{"rendered":"<p>\u015eAM \u2013 Sinema Kamu Kurumunun yap\u0131m\u0131 olan \u2018Suriye Liliti\u2019 filminin galas\u0131 d\u00fcn ak\u015fam Esad K\u00fclt\u00fcr Sanat Merkezinde yap\u0131ld\u0131. C\u00fcheyna Avvam\u2019\u0131n \u2018Ay\u0131n G\u00f6be\u011fi Alt\u0131nda\u2019 adl\u0131 roman\u0131ndan al\u0131nm\u0131\u015f olup Gassan \u015emayt\u2019\u0131n kaleme al\u0131p y\u00f6netti\u011fi sinema filminde Suriye toplumunun zengin etnik ve dini yap\u0131s\u0131na \u0131\u015f\u0131k tutuluyor. Filmin konusu Suriyeli muhtelif \u015fahsiyetlerin \u015fekil olarak farkl\u0131l\u0131klar\u0131na ra\u011fmen aralar\u0131ndaki sevgi, uyumluluk &hellip;<\/p>\n","protected":false},"author":1,"featured_media":138428,"comment_status":"closed","ping_status":"closed","sticky":false,"template":"","format":"standard","meta":{"footnotes":""},"categories":[516,511,17988],"tags":[34988,34989,27474,2755,16591,34990,22181],"class_list":["post-138427","post","type-post","status-publish","format-standard","has-post-thumbnail","","category-haberler-kultur-ve-sanat","category-kultur-ve-sanat","category-son-haberler","tag-ayin-gobegi-altinda-romani","tag-ceheyna-avvam","tag-esad-kultur-sanat-merkezi","tag-sam","tag-suriye","tag-suriye-liliti","tag-suriyeliler"],"_links":{"self":[{"href":"https:\/\/archive.sana.sy\/tr\/index.php?rest_route=\/wp\/v2\/posts\/138427","targetHints":{"allow":["GET"]}}],"collection":[{"href":"https:\/\/archive.sana.sy\/tr\/index.php?rest_route=\/wp\/v2\/posts"}],"about":[{"href":"https:\/\/archive.sana.sy\/tr\/index.php?rest_route=\/wp\/v2\/types\/post"}],"author":[{"embeddable":true,"href":"https:\/\/archive.sana.sy\/tr\/index.php?rest_route=\/wp\/v2\/users\/1"}],"replies":[{"embeddable":true,"href":"https:\/\/archive.sana.sy\/tr\/index.php?rest_route=%2Fwp%2Fv2%2Fcomments&post=138427"}],"version-history":[{"count":0,"href":"https:\/\/archive.sana.sy\/tr\/index.php?rest_route=\/wp\/v2\/posts\/138427\/revisions"}],"wp:featuredmedia":[{"embeddable":true,"href":"https:\/\/archive.sana.sy\/tr\/index.php?rest_route=\/wp\/v2\/media\/138428"}],"wp:attachment":[{"href":"https:\/\/archive.sana.sy\/tr\/index.php?rest_route=%2Fwp%2Fv2%2Fmedia&parent=138427"}],"wp:term":[{"taxonomy":"category","embeddable":true,"href":"https:\/\/archive.sana.sy\/tr\/index.php?rest_route=%2Fwp%2Fv2%2Fcategories&post=138427"},{"taxonomy":"post_tag","embeddable":true,"href":"https:\/\/archive.sana.sy\/tr\/index.php?rest_route=%2Fwp%2Fv2%2Ftags&post=138427"}],"curies":[{"name":"wp","href":"https:\/\/api.w.org\/{rel}","templated":true}]}}