{"id":138435,"date":"2018-02-16T13:34:54","date_gmt":"2018-02-16T11:34:54","guid":{"rendered":"https:\/\/www.sana.sy\/tr\/?p=138435"},"modified":"2018-02-17T10:38:21","modified_gmt":"2018-02-17T08:38:21","slug":"sanat-soleninde-bir-ilke-imza-atildi-video","status":"publish","type":"post","link":"https:\/\/archive.sana.sy\/tr\/?p=138435","title":{"rendered":"Sanat \u015e\u00f6leninde Bir \u0130lke \u0130mza At\u0131ld\u0131 (video)"},"content":{"rendered":"<p>\u015eAM \u2013 E\u011fitim Bakanl\u0131\u011f\u0131na tabi Orkestra ve Koro Ekibi d\u00fcn ak\u015fam Esad K\u00fclt\u00fcr Sanat Merkezinde Merkez Halk Sanatlar\u0131 Ekibi ile birlikte bir sanat \u015f\u00f6leni takdim etti.<\/p>\n<p>Sulhi el Vadi Konservatuar\u0131n\u0131n i\u015fbirli\u011fi ve Maestro Muhammed <a href=\"https:\/\/www.sana.sy\/tr\/wp-content\/uploads\/2018\/02\/4-26.jpg\"><img loading=\"lazy\" decoding=\"async\" class=\"alignright wp-image-138437 size-medium\" src=\"https:\/\/www.sana.sy\/tr\/wp-content\/uploads\/2018\/02\/4-26-300x200.jpg\" alt=\"\" width=\"300\" height=\"200\" srcset=\"https:\/\/archive.sana.sy\/tr\/wp-content\/uploads\/2018\/02\/4-26-300x200.jpg 300w, https:\/\/archive.sana.sy\/tr\/wp-content\/uploads\/2018\/02\/4-26-150x100.jpg 150w, https:\/\/archive.sana.sy\/tr\/wp-content\/uploads\/2018\/02\/4-26-768x511.jpg 768w, https:\/\/archive.sana.sy\/tr\/wp-content\/uploads\/2018\/02\/4-26-1024x682.jpg 1024w\" sizes=\"auto, (max-width: 300px) 100vw, 300px\" \/><\/a>Rami Avda\u2019n\u0131n \u015fefli\u011finde sunulan m\u00fczik \u015f\u00f6leninde bir ilk olarak canl\u0131 m\u00fczikal tiyatro, m\u00fczik ve koro harmanlamas\u0131 ger\u00e7ekle\u015ftirildi.<\/p>\n<p>Eski t\u00fcrk\u00fcler ve folklorun yan\u0131 s\u0131ra Suriyeli ve Avrupal\u0131 klasik eserlerin yorumlan\u0131p harmanland\u0131\u011f\u0131 m\u00fczik \u015f\u00f6leninde m\u00fczik ve folklor severlere adeta bir sanat ziyafeti takdim etti.<\/p>\n<p>K.\u00d6.<\/p>\n<p>https:\/\/www.youtube.com\/watch?v=0Dahxr5r5Ks<\/p>\n<div id='gallery-1' class='gallery galleryid-138435 gallery-columns-3 gallery-size-thumbnail'><figure class='gallery-item'>\n\t\t\t<div class='gallery-icon landscape'>\n\t\t\t\t<a href='https:\/\/archive.sana.sy\/tr\/wp-content\/uploads\/2018\/02\/11-2.jpg'><img loading=\"lazy\" decoding=\"async\" width=\"150\" height=\"98\" src=\"https:\/\/archive.sana.sy\/tr\/wp-content\/uploads\/2018\/02\/11-2-150x98.jpg\" class=\"attachment-thumbnail size-thumbnail\" alt=\"\" srcset=\"https:\/\/archive.sana.sy\/tr\/wp-content\/uploads\/2018\/02\/11-2-150x98.jpg 150w, https:\/\/archive.sana.sy\/tr\/wp-content\/uploads\/2018\/02\/11-2-300x195.jpg 300w, https:\/\/archive.sana.sy\/tr\/wp-content\/uploads\/2018\/02\/11-2-768x500.jpg 768w, https:\/\/archive.sana.sy\/tr\/wp-content\/uploads\/2018\/02\/11-2-1024x667.jpg 1024w, https:\/\/archive.sana.sy\/tr\/wp-content\/uploads\/2018\/02\/11-2-310x205.jpg 310w\" sizes=\"auto, (max-width: 150px) 100vw, 150px\" \/><\/a>\n\t\t\t<\/div><\/figure><figure class='gallery-item'>\n\t\t\t<div class='gallery-icon landscape'>\n\t\t\t\t<a href='https:\/\/archive.sana.sy\/tr\/wp-content\/uploads\/2018\/02\/2-71.jpg'><img loading=\"lazy\" decoding=\"async\" width=\"150\" height=\"98\" src=\"https:\/\/archive.sana.sy\/tr\/wp-content\/uploads\/2018\/02\/2-71-150x98.jpg\" class=\"attachment-thumbnail size-thumbnail\" alt=\"\" srcset=\"https:\/\/archive.sana.sy\/tr\/wp-content\/uploads\/2018\/02\/2-71-150x98.jpg 150w, https:\/\/archive.sana.sy\/tr\/wp-content\/uploads\/2018\/02\/2-71-300x195.jpg 300w, https:\/\/archive.sana.sy\/tr\/wp-content\/uploads\/2018\/02\/2-71-768x500.jpg 768w, https:\/\/archive.sana.sy\/tr\/wp-content\/uploads\/2018\/02\/2-71-1024x667.jpg 1024w, https:\/\/archive.sana.sy\/tr\/wp-content\/uploads\/2018\/02\/2-71-310x205.jpg 310w\" sizes=\"auto, (max-width: 150px) 100vw, 150px\" \/><\/a>\n\t\t\t<\/div><\/figure><figure class='gallery-item'>\n\t\t\t<div class='gallery-icon landscape'>\n\t\t\t\t<a href='https:\/\/archive.sana.sy\/tr\/wp-content\/uploads\/2018\/02\/3-49.jpg'><img loading=\"lazy\" decoding=\"async\" width=\"150\" height=\"100\" src=\"https:\/\/archive.sana.sy\/tr\/wp-content\/uploads\/2018\/02\/3-49-150x100.jpg\" class=\"attachment-thumbnail size-thumbnail\" alt=\"\" srcset=\"https:\/\/archive.sana.sy\/tr\/wp-content\/uploads\/2018\/02\/3-49-150x100.jpg 150w, https:\/\/archive.sana.sy\/tr\/wp-content\/uploads\/2018\/02\/3-49-300x200.jpg 300w, https:\/\/archive.sana.sy\/tr\/wp-content\/uploads\/2018\/02\/3-49-768x511.jpg 768w, https:\/\/archive.sana.sy\/tr\/wp-content\/uploads\/2018\/02\/3-49-1024x681.jpg 1024w, https:\/\/archive.sana.sy\/tr\/wp-content\/uploads\/2018\/02\/3-49-310x205.jpg 310w\" sizes=\"auto, (max-width: 150px) 100vw, 150px\" \/><\/a>\n\t\t\t<\/div><\/figure><figure class='gallery-item'>\n\t\t\t<div class='gallery-icon landscape'>\n\t\t\t\t<a href='https:\/\/archive.sana.sy\/tr\/wp-content\/uploads\/2018\/02\/5-22.jpg'><img loading=\"lazy\" decoding=\"async\" width=\"150\" height=\"96\" src=\"https:\/\/archive.sana.sy\/tr\/wp-content\/uploads\/2018\/02\/5-22-150x96.jpg\" class=\"attachment-thumbnail size-thumbnail\" alt=\"\" srcset=\"https:\/\/archive.sana.sy\/tr\/wp-content\/uploads\/2018\/02\/5-22-150x96.jpg 150w, https:\/\/archive.sana.sy\/tr\/wp-content\/uploads\/2018\/02\/5-22-300x191.jpg 300w, https:\/\/archive.sana.sy\/tr\/wp-content\/uploads\/2018\/02\/5-22-768x489.jpg 768w, https:\/\/archive.sana.sy\/tr\/wp-content\/uploads\/2018\/02\/5-22-1024x652.jpg 1024w\" sizes=\"auto, (max-width: 150px) 100vw, 150px\" \/><\/a>\n\t\t\t<\/div><\/figure><figure class='gallery-item'>\n\t\t\t<div class='gallery-icon landscape'>\n\t\t\t\t<a href='https:\/\/archive.sana.sy\/tr\/wp-content\/uploads\/2018\/02\/6-15.jpg'><img loading=\"lazy\" decoding=\"async\" width=\"150\" height=\"97\" src=\"https:\/\/archive.sana.sy\/tr\/wp-content\/uploads\/2018\/02\/6-15-150x97.jpg\" class=\"attachment-thumbnail size-thumbnail\" alt=\"\" srcset=\"https:\/\/archive.sana.sy\/tr\/wp-content\/uploads\/2018\/02\/6-15-150x97.jpg 150w, https:\/\/archive.sana.sy\/tr\/wp-content\/uploads\/2018\/02\/6-15-300x194.jpg 300w, https:\/\/archive.sana.sy\/tr\/wp-content\/uploads\/2018\/02\/6-15-768x496.jpg 768w, https:\/\/archive.sana.sy\/tr\/wp-content\/uploads\/2018\/02\/6-15-1024x661.jpg 1024w\" sizes=\"auto, (max-width: 150px) 100vw, 150px\" \/><\/a>\n\t\t\t<\/div><\/figure><figure class='gallery-item'>\n\t\t\t<div class='gallery-icon landscape'>\n\t\t\t\t<a href='https:\/\/archive.sana.sy\/tr\/wp-content\/uploads\/2018\/02\/7-8.jpg'><img loading=\"lazy\" decoding=\"async\" width=\"150\" height=\"97\" src=\"https:\/\/archive.sana.sy\/tr\/wp-content\/uploads\/2018\/02\/7-8-150x97.jpg\" class=\"attachment-thumbnail size-thumbnail\" alt=\"\" srcset=\"https:\/\/archive.sana.sy\/tr\/wp-content\/uploads\/2018\/02\/7-8-150x97.jpg 150w, https:\/\/archive.sana.sy\/tr\/wp-content\/uploads\/2018\/02\/7-8-300x194.jpg 300w, https:\/\/archive.sana.sy\/tr\/wp-content\/uploads\/2018\/02\/7-8-768x496.jpg 768w, https:\/\/archive.sana.sy\/tr\/wp-content\/uploads\/2018\/02\/7-8-1024x662.jpg 1024w\" sizes=\"auto, (max-width: 150px) 100vw, 150px\" \/><\/a>\n\t\t\t<\/div><\/figure><figure class='gallery-item'>\n\t\t\t<div class='gallery-icon landscape'>\n\t\t\t\t<a href='https:\/\/archive.sana.sy\/tr\/wp-content\/uploads\/2018\/02\/8-4.jpg'><img loading=\"lazy\" decoding=\"async\" width=\"150\" height=\"99\" src=\"https:\/\/archive.sana.sy\/tr\/wp-content\/uploads\/2018\/02\/8-4-150x99.jpg\" class=\"attachment-thumbnail size-thumbnail\" alt=\"\" srcset=\"https:\/\/archive.sana.sy\/tr\/wp-content\/uploads\/2018\/02\/8-4-150x99.jpg 150w, https:\/\/archive.sana.sy\/tr\/wp-content\/uploads\/2018\/02\/8-4-300x198.jpg 300w, https:\/\/archive.sana.sy\/tr\/wp-content\/uploads\/2018\/02\/8-4-768x508.jpg 768w, https:\/\/archive.sana.sy\/tr\/wp-content\/uploads\/2018\/02\/8-4-1024x677.jpg 1024w, https:\/\/archive.sana.sy\/tr\/wp-content\/uploads\/2018\/02\/8-4-310x205.jpg 310w\" sizes=\"auto, (max-width: 150px) 100vw, 150px\" \/><\/a>\n\t\t\t<\/div><\/figure><figure class='gallery-item'>\n\t\t\t<div class='gallery-icon landscape'>\n\t\t\t\t<a href='https:\/\/archive.sana.sy\/tr\/wp-content\/uploads\/2018\/02\/9-3.jpg'><img loading=\"lazy\" decoding=\"async\" width=\"150\" height=\"98\" src=\"https:\/\/archive.sana.sy\/tr\/wp-content\/uploads\/2018\/02\/9-3-150x98.jpg\" class=\"attachment-thumbnail size-thumbnail\" alt=\"\" srcset=\"https:\/\/archive.sana.sy\/tr\/wp-content\/uploads\/2018\/02\/9-3-150x98.jpg 150w, https:\/\/archive.sana.sy\/tr\/wp-content\/uploads\/2018\/02\/9-3-300x195.jpg 300w, https:\/\/archive.sana.sy\/tr\/wp-content\/uploads\/2018\/02\/9-3-768x500.jpg 768w, https:\/\/archive.sana.sy\/tr\/wp-content\/uploads\/2018\/02\/9-3-1024x666.jpg 1024w, https:\/\/archive.sana.sy\/tr\/wp-content\/uploads\/2018\/02\/9-3-310x205.jpg 310w\" sizes=\"auto, (max-width: 150px) 100vw, 150px\" \/><\/a>\n\t\t\t<\/div><\/figure><figure class='gallery-item'>\n\t\t\t<div class='gallery-icon landscape'>\n\t\t\t\t<a href='https:\/\/archive.sana.sy\/tr\/wp-content\/uploads\/2018\/02\/10-2.jpg'><img loading=\"lazy\" decoding=\"async\" width=\"150\" height=\"96\" src=\"https:\/\/archive.sana.sy\/tr\/wp-content\/uploads\/2018\/02\/10-2-150x96.jpg\" class=\"attachment-thumbnail size-thumbnail\" alt=\"\" srcset=\"https:\/\/archive.sana.sy\/tr\/wp-content\/uploads\/2018\/02\/10-2-150x96.jpg 150w, https:\/\/archive.sana.sy\/tr\/wp-content\/uploads\/2018\/02\/10-2-300x193.jpg 300w, https:\/\/archive.sana.sy\/tr\/wp-content\/uploads\/2018\/02\/10-2-768x493.jpg 768w, https:\/\/archive.sana.sy\/tr\/wp-content\/uploads\/2018\/02\/10-2-1024x657.jpg 1024w\" sizes=\"auto, (max-width: 150px) 100vw, 150px\" \/><\/a>\n\t\t\t<\/div><\/figure>\n\t\t<\/div>\n\n<p>&nbsp;<\/p>\n","protected":false},"excerpt":{"rendered":"<p>\u015eAM \u2013 E\u011fitim Bakanl\u0131\u011f\u0131na tabi Orkestra ve Koro Ekibi d\u00fcn ak\u015fam Esad K\u00fclt\u00fcr Sanat Merkezinde Merkez Halk Sanatlar\u0131 Ekibi ile birlikte bir sanat \u015f\u00f6leni takdim etti. Sulhi el Vadi Konservatuar\u0131n\u0131n i\u015fbirli\u011fi ve Maestro Muhammed Rami Avda\u2019n\u0131n \u015fefli\u011finde sunulan m\u00fczik \u015f\u00f6leninde bir ilk olarak canl\u0131 m\u00fczikal tiyatro, m\u00fczik ve koro harmanlamas\u0131 ger\u00e7ekle\u015ftirildi. Eski t\u00fcrk\u00fcler ve folklorun &hellip;<\/p>\n","protected":false},"author":1,"featured_media":138436,"comment_status":"closed","ping_status":"closed","sticky":false,"template":"","format":"standard","meta":{"footnotes":""},"categories":[596,516,511,17988],"tags":[34991,27474,34993,34992,2755,16591,22181],"class_list":["post-138435","post","type-post","status-publish","format-standard","has-post-thumbnail","","category-fotografli-raporlar","category-haberler-kultur-ve-sanat","category-kultur-ve-sanat","category-son-haberler","tag-egitim-bakanligina-tabi-orkestra-ve-koro-ekibi","tag-esad-kultur-sanat-merkezi","tag-eski-turkuler-ve-folklorun-yani-sira-suriyeli-ve-avrupali-klasik-eserler-sergilendi","tag-maestro-muhammed-rami-avda","tag-sam","tag-suriye","tag-suriyeliler"],"_links":{"self":[{"href":"https:\/\/archive.sana.sy\/tr\/index.php?rest_route=\/wp\/v2\/posts\/138435","targetHints":{"allow":["GET"]}}],"collection":[{"href":"https:\/\/archive.sana.sy\/tr\/index.php?rest_route=\/wp\/v2\/posts"}],"about":[{"href":"https:\/\/archive.sana.sy\/tr\/index.php?rest_route=\/wp\/v2\/types\/post"}],"author":[{"embeddable":true,"href":"https:\/\/archive.sana.sy\/tr\/index.php?rest_route=\/wp\/v2\/users\/1"}],"replies":[{"embeddable":true,"href":"https:\/\/archive.sana.sy\/tr\/index.php?rest_route=%2Fwp%2Fv2%2Fcomments&post=138435"}],"version-history":[{"count":0,"href":"https:\/\/archive.sana.sy\/tr\/index.php?rest_route=\/wp\/v2\/posts\/138435\/revisions"}],"wp:featuredmedia":[{"embeddable":true,"href":"https:\/\/archive.sana.sy\/tr\/index.php?rest_route=\/wp\/v2\/media\/138436"}],"wp:attachment":[{"href":"https:\/\/archive.sana.sy\/tr\/index.php?rest_route=%2Fwp%2Fv2%2Fmedia&parent=138435"}],"wp:term":[{"taxonomy":"category","embeddable":true,"href":"https:\/\/archive.sana.sy\/tr\/index.php?rest_route=%2Fwp%2Fv2%2Fcategories&post=138435"},{"taxonomy":"post_tag","embeddable":true,"href":"https:\/\/archive.sana.sy\/tr\/index.php?rest_route=%2Fwp%2Fv2%2Ftags&post=138435"}],"curies":[{"name":"wp","href":"https:\/\/api.w.org\/{rel}","templated":true}]}}