{"id":138589,"date":"2018-02-17T16:54:30","date_gmt":"2018-02-17T14:54:30","guid":{"rendered":"https:\/\/www.sana.sy\/tr\/?p=138589"},"modified":"2018-02-18T13:33:40","modified_gmt":"2018-02-18T11:33:40","slug":"lubnandan-sizmaya-calisan-teroristler-geri-puskurtuldu","status":"publish","type":"post","link":"https:\/\/archive.sana.sy\/tr\/?p=138589","title":{"rendered":"L\u00fcbnan\u2019dan S\u0131zmaya \u00c7al\u0131\u015fan Ter\u00f6ristler Geri P\u00fcsk\u00fcrt\u00fcld\u00fc"},"content":{"rendered":"<p>HOMS \u2013 Ordu birliklerimiz Homs k\u0131rsal\u0131nda L\u00fcbnan s\u0131n\u0131rlar\u0131 \u00fczerinden Tel Kelah B\u00f6lgesine s\u0131zmaya \u00e7al\u0131\u015fan bir ter\u00f6r grubuyla \u00e7at\u0131\u015fmaya girip s\u0131zma giri\u015fimlerini \u00e7\u00f6kertti.<\/p>\n<p>Askeri bir kaynak s\u0131n\u0131r koruma g\u00fc\u00e7lerimizin bug\u00fcn \u00f6\u011flen saatlerinde L\u00fcbnan\u2019dan Homs \u0130li Tel Kelah B\u00f6lgesinin bat\u0131s\u0131nda yer alan Mearbo K\u00f6y\u00fc yak\u0131nlar\u0131nda yasad\u0131\u015f\u0131 bir ge\u00e7itten Suriye&#8217;ye girmeye \u00e7al\u0131\u015fan bir ter\u00f6r grubuyla \u00e7at\u0131\u015fmaya girdiklerini belirtti.<\/p>\n<p>Kaynak \u00e7at\u0131\u015fmada bir ter\u00f6ristin \u00f6ld\u00fcr\u00fclmesi ard\u0131ndan sa\u011f kalan ter\u00f6ristlerin L\u00fcbnan topraklar\u0131na do\u011fru geri ka\u00e7t\u0131klar\u0131n\u0131 aktard\u0131.<\/p>\n","protected":false},"excerpt":{"rendered":"<p>HOMS \u2013 Ordu birliklerimiz Homs k\u0131rsal\u0131nda L\u00fcbnan s\u0131n\u0131rlar\u0131 \u00fczerinden Tel Kelah B\u00f6lgesine s\u0131zmaya \u00e7al\u0131\u015fan bir ter\u00f6r grubuyla \u00e7at\u0131\u015fmaya girip s\u0131zma giri\u015fimlerini \u00e7\u00f6kertti. Askeri bir kaynak s\u0131n\u0131r koruma g\u00fc\u00e7lerimizin bug\u00fcn \u00f6\u011flen saatlerinde L\u00fcbnan\u2019dan Homs \u0130li Tel Kelah B\u00f6lgesinin bat\u0131s\u0131nda yer alan Mearbo K\u00f6y\u00fc yak\u0131nlar\u0131nda yasad\u0131\u015f\u0131 bir ge\u00e7itten Suriye&#8217;ye girmeye \u00e7al\u0131\u015fan bir ter\u00f6r grubuyla \u00e7at\u0131\u015fmaya girdiklerini belirtti. &hellip;<\/p>\n","protected":false},"author":1,"featured_media":138590,"comment_status":"closed","ping_status":"closed","sticky":false,"template":"","format":"standard","meta":{"footnotes":""},"categories":[479,575,17988,478],"tags":[35011,16591,11549,19034,2930,30539],"class_list":["post-138589","post","type-post","status-publish","format-standard","has-post-thumbnail","","category-haberler-yerel","category-olaylar-ve-gercekler","category-son-haberler","category-yerel","tag-lubnan-sinirlari","tag-suriye","tag-suriye-ordusu","tag-suriyeli-muhalifler","tag-teroristler","tag-teroristlerle-catisma"],"_links":{"self":[{"href":"https:\/\/archive.sana.sy\/tr\/index.php?rest_route=\/wp\/v2\/posts\/138589","targetHints":{"allow":["GET"]}}],"collection":[{"href":"https:\/\/archive.sana.sy\/tr\/index.php?rest_route=\/wp\/v2\/posts"}],"about":[{"href":"https:\/\/archive.sana.sy\/tr\/index.php?rest_route=\/wp\/v2\/types\/post"}],"author":[{"embeddable":true,"href":"https:\/\/archive.sana.sy\/tr\/index.php?rest_route=\/wp\/v2\/users\/1"}],"replies":[{"embeddable":true,"href":"https:\/\/archive.sana.sy\/tr\/index.php?rest_route=%2Fwp%2Fv2%2Fcomments&post=138589"}],"version-history":[{"count":0,"href":"https:\/\/archive.sana.sy\/tr\/index.php?rest_route=\/wp\/v2\/posts\/138589\/revisions"}],"wp:featuredmedia":[{"embeddable":true,"href":"https:\/\/archive.sana.sy\/tr\/index.php?rest_route=\/wp\/v2\/media\/138590"}],"wp:attachment":[{"href":"https:\/\/archive.sana.sy\/tr\/index.php?rest_route=%2Fwp%2Fv2%2Fmedia&parent=138589"}],"wp:term":[{"taxonomy":"category","embeddable":true,"href":"https:\/\/archive.sana.sy\/tr\/index.php?rest_route=%2Fwp%2Fv2%2Fcategories&post=138589"},{"taxonomy":"post_tag","embeddable":true,"href":"https:\/\/archive.sana.sy\/tr\/index.php?rest_route=%2Fwp%2Fv2%2Ftags&post=138589"}],"curies":[{"name":"wp","href":"https:\/\/api.w.org\/{rel}","templated":true}]}}