{"id":138737,"date":"2018-02-19T10:08:53","date_gmt":"2018-02-19T08:08:53","guid":{"rendered":"https:\/\/www.sana.sy\/tr\/?p=138737"},"modified":"2018-02-19T10:08:53","modified_gmt":"2018-02-19T08:08:53","slug":"cumhurbaskanligi-siyasi-ve-basin-danismani-buseyna-saban-erdogan-rejiminin-muhtelif-tur-destek-ve-yardimlarin-bulunup-komuta-ettigi-teror-orgutlerin-basarisizligini-idrak-etmesi-ardindan-suriye","status":"publish","type":"post","link":"https:\/\/archive.sana.sy\/tr\/?p=138737","title":{"rendered":"Cumhurba\u015fkanl\u0131\u011f\u0131 Siyasi ve Bas\u0131n dan\u0131\u015fman\u0131 B\u00fcseyna \u015eaban; Erdo\u011fan rejiminin muhtelif t\u00fcr destek ve yard\u0131mlar\u0131n bulunup komuta etti\u011fi ter\u00f6r \u00f6rg\u00fctlerin ba\u015far\u0131s\u0131zl\u0131\u011f\u0131n\u0131 idrak etmesi ard\u0131ndan Suriye\u2019nin kuzeyinde Suriye ve halk\u0131na kar\u015f\u0131 direk sald\u0131r\u0131da bulundu\u011funu belirtti\u200f"},"content":{"rendered":"<p>Cumhurba\u015fkanl\u0131\u011f\u0131 Siyasi ve Bas\u0131n dan\u0131\u015fman\u0131 B\u00fcseyna \u015eaban; Erdo\u011fan rejiminin muhtelif t\u00fcr destek ve yard\u0131mlar\u0131n bulunup komuta etti\u011fi ter\u00f6r \u00f6rg\u00fctlerin ba\u015far\u0131s\u0131zl\u0131\u011f\u0131n\u0131 idrak etmesi ard\u0131ndan Suriye\u2019nin kuzeyinde Suriye ve halk\u0131na kar\u015f\u0131 direk sald\u0131r\u0131da bulundu\u011funu belirtti\u200f<\/p>\n","protected":false},"excerpt":{"rendered":"<p>Cumhurba\u015fkanl\u0131\u011f\u0131 Siyasi ve Bas\u0131n dan\u0131\u015fman\u0131 B\u00fcseyna \u015eaban; Erdo\u011fan rejiminin muhtelif t\u00fcr destek ve yard\u0131mlar\u0131n bulunup komuta etti\u011fi ter\u00f6r \u00f6rg\u00fctlerin ba\u015far\u0131s\u0131zl\u0131\u011f\u0131n\u0131 idrak etmesi ard\u0131ndan Suriye\u2019nin kuzeyinde Suriye ve halk\u0131na kar\u015f\u0131 direk sald\u0131r\u0131da bulundu\u011funu belirtti\u200f<\/p>\n","protected":false},"author":1,"featured_media":0,"comment_status":"closed","ping_status":"closed","sticky":false,"template":"","format":"standard","meta":{"footnotes":""},"categories":[17991],"tags":[],"class_list":["post-138737","post","type-post","status-publish","format-standard","","category-son-dakika"],"_links":{"self":[{"href":"https:\/\/archive.sana.sy\/tr\/index.php?rest_route=\/wp\/v2\/posts\/138737","targetHints":{"allow":["GET"]}}],"collection":[{"href":"https:\/\/archive.sana.sy\/tr\/index.php?rest_route=\/wp\/v2\/posts"}],"about":[{"href":"https:\/\/archive.sana.sy\/tr\/index.php?rest_route=\/wp\/v2\/types\/post"}],"author":[{"embeddable":true,"href":"https:\/\/archive.sana.sy\/tr\/index.php?rest_route=\/wp\/v2\/users\/1"}],"replies":[{"embeddable":true,"href":"https:\/\/archive.sana.sy\/tr\/index.php?rest_route=%2Fwp%2Fv2%2Fcomments&post=138737"}],"version-history":[{"count":0,"href":"https:\/\/archive.sana.sy\/tr\/index.php?rest_route=\/wp\/v2\/posts\/138737\/revisions"}],"wp:attachment":[{"href":"https:\/\/archive.sana.sy\/tr\/index.php?rest_route=%2Fwp%2Fv2%2Fmedia&parent=138737"}],"wp:term":[{"taxonomy":"category","embeddable":true,"href":"https:\/\/archive.sana.sy\/tr\/index.php?rest_route=%2Fwp%2Fv2%2Fcategories&post=138737"},{"taxonomy":"post_tag","embeddable":true,"href":"https:\/\/archive.sana.sy\/tr\/index.php?rest_route=%2Fwp%2Fv2%2Ftags&post=138737"}],"curies":[{"name":"wp","href":"https:\/\/api.w.org\/{rel}","templated":true}]}}