{"id":138739,"date":"2018-02-19T10:36:33","date_gmt":"2018-02-19T08:36:33","guid":{"rendered":"https:\/\/www.sana.sy\/tr\/?p=138739"},"modified":"2018-02-21T11:33:04","modified_gmt":"2018-02-21T09:33:04","slug":"destekledigi-teroristlerin-basarisizligini-idrak-etmesi-ardindan-direk-mudahalede-bulundu","status":"publish","type":"post","link":"https:\/\/archive.sana.sy\/tr\/?p=138739","title":{"rendered":"Destekledi\u011fi Ter\u00f6ristlerin Ba\u015far\u0131s\u0131zl\u0131\u011f\u0131n\u0131 \u0130drak Etmesi Ard\u0131ndan Direk M\u00fcdahalede Bulundu (video)"},"content":{"rendered":"<p>MOSKOVA \u2013 Cumhurba\u015fkanl\u0131\u011f\u0131 Siyasi ve Bas\u0131n Dan\u0131\u015fman\u0131 B\u00fcseyna \u015eaban \u0130srail dahil olmak \u00fczere bir k\u0131s\u0131m devletlerin Suriye topraklar\u0131nda g\u00f6z\u00fc olup bu topraklar\u0131 i\u015fgal etmek istediklerini belirtti.<\/p>\n<p>Moskova\u2019da d\u00fczenlenen Valdai Diyalog Forumunda konu\u015fan; Rusya\u2019n\u0131n Suriye&#8217;de, hegemonya sa\u011flamak isteyen Avrupal\u0131 devletlerin rol\u00fcnden fakl\u0131 bir rol oynad\u0131\u011f\u0131n\u0131 ifade etti. \u015eaban Rusya\u2019n\u0131n Suriye&#8217;nin egemenli\u011fi ve toprak b\u00fct\u00fcnl\u00fc\u011f\u00fcn\u00fc korumaya \u00e7al\u0131\u015fmas\u0131n\u0131n yan\u0131 s\u0131ra ter\u00f6rle m\u00fccadelede b\u00fcy\u00fck bir rol oynad\u0131\u011f\u0131n\u0131 kaydetti.<\/p>\n<p>\u015eaban; Erdo\u011fan rejiminin d\u00fcnyan\u0131n muhtelif devletlerinden gelen radikal ter\u00f6ristlere muhtelif t\u00fcr destek temin edip Suriye ve halk\u0131na kar\u015f\u0131 salmas\u0131 ard\u0131ndan ba\u015far\u0131s\u0131z kald\u0131klar\u0131n\u0131 idrak etmesiyle bu rejimin bizzat olarak direk Suriye&#8217;nin Kuzeyine uluslar aras\u0131 kanunlara ayk\u0131r\u0131 bir \u015fekilde m\u00fcdahale etti\u011finin alt\u0131n\u0131 \u00e7izdi.<\/p>\n<p>Erdo\u011fan rejiminin gerilimi azaltma b\u00f6lgeleri anla\u015fmas\u0131na ihlallerini s\u00fcrd\u00fcrmesiyle Astana s\u00fcrecinde garant\u00f6r di\u011fer \u00fclkeler aras\u0131nda i\u015fbirli\u011fini zorla\u015ft\u0131rd\u0131\u011f\u0131n\u0131 vurgulayan \u015eaban; BM ve t\u00fcm uluslar aras\u0131 toplumun Erdo\u011fan rejiminin Suriye topraklar\u0131na i\u015fgalini k\u0131namalar\u0131 gerekti\u011fini ifade etti.<\/p>\n<p>\u015eaban Erdo\u011fan rejiminin Suriye topraklar\u0131 ve halk\u0131na kar\u015f\u0131 sald\u0131r\u0131lar\u0131n\u0131n devam etmesinin siyasi \u00e7\u00f6z\u00fcm \u00e7abalar\u0131 ve radikal ter\u00f6r\u00fcn tamamen yok edilmesini engelledi\u011finin alt\u0131n\u0131 \u00e7izdi.<\/p>\n<p>ABD\u2019nin sald\u0131r\u0131lar\u0131 konusunda ise \u015eaban; ABD g\u00fc\u00e7lerinin destekleyip y\u00f6nlendirdi\u011fi kiral\u0131k gruplar\u0131 arac\u0131l\u0131\u011f\u0131 ile Suriye ve halk\u0131na kar\u015f\u0131 sald\u0131r\u0131lar\u0131n\u0131 s\u00fcrd\u00fcrd\u00fc\u011f\u00fcn\u00fc ifade etti.<\/p>\n<p>https:\/\/www.youtube.com\/watch?v=0P4mruinR60<\/p>\n","protected":false},"excerpt":{"rendered":"<p>MOSKOVA \u2013 Cumhurba\u015fkanl\u0131\u011f\u0131 Siyasi ve Bas\u0131n Dan\u0131\u015fman\u0131 B\u00fcseyna \u015eaban \u0130srail dahil olmak \u00fczere bir k\u0131s\u0131m devletlerin Suriye topraklar\u0131nda g\u00f6z\u00fc olup bu topraklar\u0131 i\u015fgal etmek istediklerini belirtti. Moskova\u2019da d\u00fczenlenen Valdai Diyalog Forumunda konu\u015fan; Rusya\u2019n\u0131n Suriye&#8217;de, hegemonya sa\u011flamak isteyen Avrupal\u0131 devletlerin rol\u00fcnden fakl\u0131 bir rol oynad\u0131\u011f\u0131n\u0131 ifade etti. \u015eaban Rusya\u2019n\u0131n Suriye&#8217;nin egemenli\u011fi ve toprak b\u00fct\u00fcnl\u00fc\u011f\u00fcn\u00fc korumaya \u00e7al\u0131\u015fmas\u0131n\u0131n &hellip;<\/p>\n","protected":false},"author":1,"featured_media":138746,"comment_status":"closed","ping_status":"closed","sticky":false,"template":"","format":"standard","meta":{"footnotes":""},"categories":[458,459,17988,2554,2555],"tags":[17305,5614,17036,16592,16591,35041],"class_list":["post-138739","post","type-post","status-publish","format-standard","has-post-thumbnail","","category-dunya1","category-haberler-arap-uluslararasi-politika","category-son-haberler","category-suriye-ve-dunya","category-suriye-ve-turkiye","tag-cumhurbaskanligi-siyasi-ve-basin-danismani-buseyna-saban","tag-israil","tag-moskova","tag-rusya","tag-suriye","tag-valai-diyalog-forumunda-k"],"_links":{"self":[{"href":"https:\/\/archive.sana.sy\/tr\/index.php?rest_route=\/wp\/v2\/posts\/138739","targetHints":{"allow":["GET"]}}],"collection":[{"href":"https:\/\/archive.sana.sy\/tr\/index.php?rest_route=\/wp\/v2\/posts"}],"about":[{"href":"https:\/\/archive.sana.sy\/tr\/index.php?rest_route=\/wp\/v2\/types\/post"}],"author":[{"embeddable":true,"href":"https:\/\/archive.sana.sy\/tr\/index.php?rest_route=\/wp\/v2\/users\/1"}],"replies":[{"embeddable":true,"href":"https:\/\/archive.sana.sy\/tr\/index.php?rest_route=%2Fwp%2Fv2%2Fcomments&post=138739"}],"version-history":[{"count":0,"href":"https:\/\/archive.sana.sy\/tr\/index.php?rest_route=\/wp\/v2\/posts\/138739\/revisions"}],"wp:featuredmedia":[{"embeddable":true,"href":"https:\/\/archive.sana.sy\/tr\/index.php?rest_route=\/wp\/v2\/media\/138746"}],"wp:attachment":[{"href":"https:\/\/archive.sana.sy\/tr\/index.php?rest_route=%2Fwp%2Fv2%2Fmedia&parent=138739"}],"wp:term":[{"taxonomy":"category","embeddable":true,"href":"https:\/\/archive.sana.sy\/tr\/index.php?rest_route=%2Fwp%2Fv2%2Fcategories&post=138739"},{"taxonomy":"post_tag","embeddable":true,"href":"https:\/\/archive.sana.sy\/tr\/index.php?rest_route=%2Fwp%2Fv2%2Ftags&post=138739"}],"curies":[{"name":"wp","href":"https:\/\/api.w.org\/{rel}","templated":true}]}}