{"id":138797,"date":"2018-02-19T10:30:20","date_gmt":"2018-02-19T08:30:20","guid":{"rendered":"https:\/\/www.sana.sy\/tr\/?p=138797"},"modified":"2018-02-21T11:34:17","modified_gmt":"2018-02-21T09:34:17","slug":"suriye-6-madalya-kazandi-3","status":"publish","type":"post","link":"https:\/\/archive.sana.sy\/tr\/?p=138797","title":{"rendered":"Suriye 6 Madalya Kazand\u0131"},"content":{"rendered":"<p>ABU DAB\u0130 \u2013 Suriye tekvando tak\u0131m\u0131 Abu Dabi\u2019de d\u00fczenlenen ve D\u00fcnya Tekvando Federasyonu taraf\u0131ndan G1 olarak s\u0131n\u0131fland\u0131r\u0131lan Uluslararas\u0131 Fuceyra Tekvando \u015eampiyonas\u0131nda 6 madalya kazand\u0131.<\/p>\n<p>Tekvando Federasyonu Ba\u015fkan\u0131 bu y\u0131l uluslar aras\u0131 \u015fampiyonlara kat\u0131lan k\u00fc\u00e7\u00fck ya\u015flardaki tekvandocular\u0131m\u0131z\u0131n 1 alt\u0131n, 3 g\u00fcm\u00fc\u015f ve 2 bronz madalya kazanmalar\u0131n\u0131n Suriye ad\u0131na onur verici bir ba\u015far\u0131 oldu\u011funu ifade etti. Federasyon ba\u015fkan\u0131 \u015fampiyonaya 37 \u00fclkeden 847 yar\u0131\u015fmac\u0131n\u0131n kat\u0131ld\u0131\u011f\u0131na dikkat \u00e7ekti.<\/p>\n<div id='gallery-1' class='gallery galleryid-138797 gallery-columns-2 gallery-size-medium'><figure class='gallery-item'>\n\t\t\t<div class='gallery-icon landscape'>\n\t\t\t\t<a href='https:\/\/archive.sana.sy\/tr\/wp-content\/uploads\/2018\/02\/spor-2.jpg'><img loading=\"lazy\" decoding=\"async\" width=\"300\" height=\"168\" src=\"https:\/\/archive.sana.sy\/tr\/wp-content\/uploads\/2018\/02\/spor-2-300x168.jpg\" class=\"attachment-medium size-medium\" alt=\"\" srcset=\"https:\/\/archive.sana.sy\/tr\/wp-content\/uploads\/2018\/02\/spor-2-300x168.jpg 300w, https:\/\/archive.sana.sy\/tr\/wp-content\/uploads\/2018\/02\/spor-2-150x84.jpg 150w, https:\/\/archive.sana.sy\/tr\/wp-content\/uploads\/2018\/02\/spor-2.jpg 660w\" sizes=\"auto, (max-width: 300px) 100vw, 300px\" \/><\/a>\n\t\t\t<\/div><\/figure><figure class='gallery-item'>\n\t\t\t<div class='gallery-icon landscape'>\n\t\t\t\t<a href='https:\/\/archive.sana.sy\/tr\/wp-content\/uploads\/2018\/02\/spor-3.jpg'><img loading=\"lazy\" decoding=\"async\" width=\"300\" height=\"168\" src=\"https:\/\/archive.sana.sy\/tr\/wp-content\/uploads\/2018\/02\/spor-3-300x168.jpg\" class=\"attachment-medium size-medium\" alt=\"\" srcset=\"https:\/\/archive.sana.sy\/tr\/wp-content\/uploads\/2018\/02\/spor-3-300x168.jpg 300w, https:\/\/archive.sana.sy\/tr\/wp-content\/uploads\/2018\/02\/spor-3-150x84.jpg 150w, https:\/\/archive.sana.sy\/tr\/wp-content\/uploads\/2018\/02\/spor-3.jpg 660w\" sizes=\"auto, (max-width: 300px) 100vw, 300px\" \/><\/a>\n\t\t\t<\/div><\/figure>\n\t\t<\/div>\n\n","protected":false},"excerpt":{"rendered":"<p>ABU DAB\u0130 \u2013 Suriye tekvando tak\u0131m\u0131 Abu Dabi\u2019de d\u00fczenlenen ve D\u00fcnya Tekvando Federasyonu taraf\u0131ndan G1 olarak s\u0131n\u0131fland\u0131r\u0131lan Uluslararas\u0131 Fuceyra Tekvando \u015eampiyonas\u0131nda 6 madalya kazand\u0131. Tekvando Federasyonu Ba\u015fkan\u0131 bu y\u0131l uluslar aras\u0131 \u015fampiyonlara kat\u0131lan k\u00fc\u00e7\u00fck ya\u015flardaki tekvandocular\u0131m\u0131z\u0131n 1 alt\u0131n, 3 g\u00fcm\u00fc\u015f ve 2 bronz madalya kazanmalar\u0131n\u0131n Suriye ad\u0131na onur verici bir ba\u015far\u0131 oldu\u011funu ifade etti. Federasyon &hellip;<\/p>\n","protected":false},"author":1,"featured_media":138799,"comment_status":"closed","ping_status":"closed","sticky":false,"template":"","format":"standard","meta":{"footnotes":""},"categories":[498,17988,496],"tags":[35059,35061,35060,35063,35058,35062,35054,35055,35056,35053,35057],"class_list":["post-138797","post","type-post","status-publish","format-standard","has-post-thumbnail","","category-dunya-turnuvalari","category-son-haberler","category-spor","tag-1-altin","tag-2-bronz","tag-3-gumus","tag-37-ulke","tag-6-madalya","tag-847-yarismaci","tag-abu-dabi","tag-dunya-tekvando-federasyonu","tag-g1","tag-suriye-tekvando-takimi","tag-uluslararasi-fuceyra-tekvando-sampiyonasinda"],"_links":{"self":[{"href":"https:\/\/archive.sana.sy\/tr\/index.php?rest_route=\/wp\/v2\/posts\/138797","targetHints":{"allow":["GET"]}}],"collection":[{"href":"https:\/\/archive.sana.sy\/tr\/index.php?rest_route=\/wp\/v2\/posts"}],"about":[{"href":"https:\/\/archive.sana.sy\/tr\/index.php?rest_route=\/wp\/v2\/types\/post"}],"author":[{"embeddable":true,"href":"https:\/\/archive.sana.sy\/tr\/index.php?rest_route=\/wp\/v2\/users\/1"}],"replies":[{"embeddable":true,"href":"https:\/\/archive.sana.sy\/tr\/index.php?rest_route=%2Fwp%2Fv2%2Fcomments&post=138797"}],"version-history":[{"count":0,"href":"https:\/\/archive.sana.sy\/tr\/index.php?rest_route=\/wp\/v2\/posts\/138797\/revisions"}],"wp:featuredmedia":[{"embeddable":true,"href":"https:\/\/archive.sana.sy\/tr\/index.php?rest_route=\/wp\/v2\/media\/138799"}],"wp:attachment":[{"href":"https:\/\/archive.sana.sy\/tr\/index.php?rest_route=%2Fwp%2Fv2%2Fmedia&parent=138797"}],"wp:term":[{"taxonomy":"category","embeddable":true,"href":"https:\/\/archive.sana.sy\/tr\/index.php?rest_route=%2Fwp%2Fv2%2Fcategories&post=138797"},{"taxonomy":"post_tag","embeddable":true,"href":"https:\/\/archive.sana.sy\/tr\/index.php?rest_route=%2Fwp%2Fv2%2Ftags&post=138797"}],"curies":[{"name":"wp","href":"https:\/\/api.w.org\/{rel}","templated":true}]}}