{"id":138809,"date":"2018-02-19T16:16:50","date_gmt":"2018-02-19T14:16:50","guid":{"rendered":"https:\/\/www.sana.sy\/tr\/?p=138809"},"modified":"2018-02-21T11:29:18","modified_gmt":"2018-02-21T09:29:18","slug":"afrine-saldirilarda-1-cocuk-sehit-8-cocuk-yarali","status":"publish","type":"post","link":"https:\/\/archive.sana.sy\/tr\/?p=138809","title":{"rendered":"Afrin\u2019e Sald\u0131r\u0131larda 1 \u00c7ocuk \u015eehit, 8 \u00c7ocuk Yaral\u0131"},"content":{"rendered":"<p>HALEP \u2013 Erdo\u011fan rejimine tabi g\u00fc\u00e7lerin Halep k\u0131rsal\u0131n\u0131n kuzeyi Afrin Kenti ve civar\u0131ndaki yerle\u015fim alanlar\u0131na muhtelif t\u00fcr silahlarla devam eden bombard\u0131manlar\u0131nda bug\u00fcn 1 \u00e7ocuk \u015fehit d\u00fc\u015ferken, 8 \u00e7ocuk da yaraland\u0131.<\/p>\n<p>Yerel kaynaklar SANA\u2019ya a\u00e7\u0131klamalar\u0131nda; Erdo\u011fan rejimine tabi g\u00fc\u00e7lerin bug\u00fcn Afrin kentine devam eden bombard\u0131manlar\u0131nda k\u00fc\u00e7\u00fck bir k\u0131z \u00e7ocu\u011funun \u015fehit d\u00fc\u015ft\u00fc\u011f\u00fcn\u00fc, 8 \u00e7ocu\u011fun da yaraland\u0131klar\u0131n\u0131 aktard\u0131.<\/p>\n<p>Afrin Kenti ve civar\u0131nda b\u00fcy\u00fck bir y\u0131k\u0131m\u0131n yan\u0131 s\u0131ra y\u00fczlerce sivil vatanda\u015f\u0131n \u015fehit olmalar\u0131na yol a\u00e7an Erdo\u011fan g\u00fc\u00e7leri Cuma g\u00fcn\u00fc Mzeyna Beldesine kimyasal zehirli gaz i\u00e7eren f\u00fczelerle sald\u0131rm\u0131\u015flard\u0131.<\/p>\n<p>K.\u00d6.<\/p>\n","protected":false},"excerpt":{"rendered":"<p>HALEP \u2013 Erdo\u011fan rejimine tabi g\u00fc\u00e7lerin Halep k\u0131rsal\u0131n\u0131n kuzeyi Afrin Kenti ve civar\u0131ndaki yerle\u015fim alanlar\u0131na muhtelif t\u00fcr silahlarla devam eden bombard\u0131manlar\u0131nda bug\u00fcn 1 \u00e7ocuk \u015fehit d\u00fc\u015ferken, 8 \u00e7ocuk da yaraland\u0131. Yerel kaynaklar SANA\u2019ya a\u00e7\u0131klamalar\u0131nda; Erdo\u011fan rejimine tabi g\u00fc\u00e7lerin bug\u00fcn Afrin kentine devam eden bombard\u0131manlar\u0131nda k\u00fc\u00e7\u00fck bir k\u0131z \u00e7ocu\u011funun \u015fehit d\u00fc\u015ft\u00fc\u011f\u00fcn\u00fc, 8 \u00e7ocu\u011fun da yaraland\u0131klar\u0131n\u0131 aktard\u0131. &hellip;<\/p>\n","protected":false},"author":1,"featured_media":138811,"comment_status":"closed","ping_status":"closed","sticky":false,"template":"","format":"standard","meta":{"footnotes":""},"categories":[575,17988,2554,2555],"tags":[35002,18066,1132,35064,16591,22181],"class_list":["post-138809","post","type-post","status-publish","format-standard","has-post-thumbnail","","category-olaylar-ve-gercekler","category-son-haberler","category-suriye-ve-dunya","category-suriye-ve-turkiye","tag-afrin-kenti","tag-erdogan-rejimi","tag-halep","tag-mzeyna-beldesi","tag-suriye","tag-suriyeliler"],"_links":{"self":[{"href":"https:\/\/archive.sana.sy\/tr\/index.php?rest_route=\/wp\/v2\/posts\/138809","targetHints":{"allow":["GET"]}}],"collection":[{"href":"https:\/\/archive.sana.sy\/tr\/index.php?rest_route=\/wp\/v2\/posts"}],"about":[{"href":"https:\/\/archive.sana.sy\/tr\/index.php?rest_route=\/wp\/v2\/types\/post"}],"author":[{"embeddable":true,"href":"https:\/\/archive.sana.sy\/tr\/index.php?rest_route=\/wp\/v2\/users\/1"}],"replies":[{"embeddable":true,"href":"https:\/\/archive.sana.sy\/tr\/index.php?rest_route=%2Fwp%2Fv2%2Fcomments&post=138809"}],"version-history":[{"count":0,"href":"https:\/\/archive.sana.sy\/tr\/index.php?rest_route=\/wp\/v2\/posts\/138809\/revisions"}],"wp:featuredmedia":[{"embeddable":true,"href":"https:\/\/archive.sana.sy\/tr\/index.php?rest_route=\/wp\/v2\/media\/138811"}],"wp:attachment":[{"href":"https:\/\/archive.sana.sy\/tr\/index.php?rest_route=%2Fwp%2Fv2%2Fmedia&parent=138809"}],"wp:term":[{"taxonomy":"category","embeddable":true,"href":"https:\/\/archive.sana.sy\/tr\/index.php?rest_route=%2Fwp%2Fv2%2Fcategories&post=138809"},{"taxonomy":"post_tag","embeddable":true,"href":"https:\/\/archive.sana.sy\/tr\/index.php?rest_route=%2Fwp%2Fv2%2Ftags&post=138809"}],"curies":[{"name":"wp","href":"https:\/\/api.w.org\/{rel}","templated":true}]}}