{"id":139054,"date":"2018-02-22T12:35:46","date_gmt":"2018-02-22T10:35:46","guid":{"rendered":"https:\/\/www.sana.sy\/tr\/?p=139054"},"modified":"2018-02-22T12:35:46","modified_gmt":"2018-02-22T10:35:46","slug":"sana-muhabiri-halep-kirsalinin-kuzeyi-afrin-kenti-ahalisinin-ulusal-bagliliklarini-ve-erdogan-rejiminin-afrin-bolgesine-devam-eden-saldirilarina-karsi-koymada-yardima-gelen-halk-guclerine-desteklerini","status":"publish","type":"post","link":"https:\/\/archive.sana.sy\/tr\/?p=139054","title":{"rendered":"SANA muhabiri Halep k\u0131rsal\u0131n\u0131n kuzeyi Afrin Kenti ahalisinin ulusal ba\u011fl\u0131l\u0131klar\u0131n\u0131 ve Erdo\u011fan rejiminin Afrin B\u00f6lgesine devam eden sald\u0131r\u0131lar\u0131na kar\u015f\u0131 koymada yard\u0131ma gelen Halk G\u00fc\u00e7lerine desteklerini vurgulamak i\u00e7in kent meydan\u0131nda topland\u0131klar\u0131n\u0131 aktard\u0131"},"content":{"rendered":"<p>SANA muhabiri Halep k\u0131rsal\u0131n\u0131n kuzeyi Afrin Kenti ahalisinin ulusal ba\u011fl\u0131l\u0131klar\u0131n\u0131 ve Erdo\u011fan rejiminin Afrin B\u00f6lgesine devam eden sald\u0131r\u0131lar\u0131na kar\u015f\u0131 koymada yard\u0131ma gelen Halk G\u00fc\u00e7lerine desteklerini vurgulamak i\u00e7in kent meydan\u0131nda topland\u0131klar\u0131n\u0131 aktard\u0131<\/p>\n","protected":false},"excerpt":{"rendered":"<p>SANA muhabiri Halep k\u0131rsal\u0131n\u0131n kuzeyi Afrin Kenti ahalisinin ulusal ba\u011fl\u0131l\u0131klar\u0131n\u0131 ve Erdo\u011fan rejiminin Afrin B\u00f6lgesine devam eden sald\u0131r\u0131lar\u0131na kar\u015f\u0131 koymada yard\u0131ma gelen Halk G\u00fc\u00e7lerine desteklerini vurgulamak i\u00e7in kent meydan\u0131nda topland\u0131klar\u0131n\u0131 aktard\u0131<\/p>\n","protected":false},"author":1,"featured_media":0,"comment_status":"closed","ping_status":"closed","sticky":false,"template":"","format":"standard","meta":{"footnotes":""},"categories":[17991],"tags":[],"class_list":["post-139054","post","type-post","status-publish","format-standard","","category-son-dakika"],"_links":{"self":[{"href":"https:\/\/archive.sana.sy\/tr\/index.php?rest_route=\/wp\/v2\/posts\/139054","targetHints":{"allow":["GET"]}}],"collection":[{"href":"https:\/\/archive.sana.sy\/tr\/index.php?rest_route=\/wp\/v2\/posts"}],"about":[{"href":"https:\/\/archive.sana.sy\/tr\/index.php?rest_route=\/wp\/v2\/types\/post"}],"author":[{"embeddable":true,"href":"https:\/\/archive.sana.sy\/tr\/index.php?rest_route=\/wp\/v2\/users\/1"}],"replies":[{"embeddable":true,"href":"https:\/\/archive.sana.sy\/tr\/index.php?rest_route=%2Fwp%2Fv2%2Fcomments&post=139054"}],"version-history":[{"count":0,"href":"https:\/\/archive.sana.sy\/tr\/index.php?rest_route=\/wp\/v2\/posts\/139054\/revisions"}],"wp:attachment":[{"href":"https:\/\/archive.sana.sy\/tr\/index.php?rest_route=%2Fwp%2Fv2%2Fmedia&parent=139054"}],"wp:term":[{"taxonomy":"category","embeddable":true,"href":"https:\/\/archive.sana.sy\/tr\/index.php?rest_route=%2Fwp%2Fv2%2Fcategories&post=139054"},{"taxonomy":"post_tag","embeddable":true,"href":"https:\/\/archive.sana.sy\/tr\/index.php?rest_route=%2Fwp%2Fv2%2Ftags&post=139054"}],"curies":[{"name":"wp","href":"https:\/\/api.w.org\/{rel}","templated":true}]}}