{"id":139055,"date":"2018-02-22T12:57:48","date_gmt":"2018-02-22T10:57:48","guid":{"rendered":"https:\/\/www.sana.sy\/tr\/?p=139055"},"modified":"2018-02-23T12:48:43","modified_gmt":"2018-02-23T10:48:43","slug":"afrin-ahalisi-ulusal-bagliligini-ve-halk-guclerine-destegini-vurguladi","status":"publish","type":"post","link":"https:\/\/archive.sana.sy\/tr\/?p=139055","title":{"rendered":"Afrin Ahalisi Ulusal Ba\u011fl\u0131l\u0131\u011f\u0131n\u0131 ve Halk G\u00fc\u00e7lerine Deste\u011fini Vurgulad\u0131"},"content":{"rendered":"<p>HALEP \u2013 Halep k\u0131rsal\u0131n\u0131n kuzeyi Afrin Kenti ahalisi ulusal ba\u011fl\u0131l\u0131klar\u0131n\u0131 ve Erdo\u011fan rejiminin Afrin B\u00f6lgesine devam eden sald\u0131r\u0131lar\u0131na kar\u015f\u0131 koymada yard\u0131ma gelen Halk G\u00fc\u00e7lerine desteklerini vurgulamak i\u00e7in kent meydan\u0131nda topland\u0131.<\/p>\n<p>Kalabal\u0131k kitleler halinde kent meydan\u0131nda toplan\u0131p Suriye&#8217;nin \u015fanl\u0131 bayra\u011f\u0131n\u0131 dalgaland\u0131ran kent ahalisi Erdo\u011fan rejimi ve ona tabi ter\u00f6ristlerin Afrin B\u00f6lgesinde sivil yerle\u015fim alanlar\u0131, hizmet kurumlar\u0131 ve her \u015feyi bombalamalar\u0131n\u0131 keskin bir dille k\u0131nad\u0131.<\/p>\n<p>Suriye&#8217;nin toprak b\u00fct\u00fcnl\u00fc\u011f\u00fc ve egemenli\u011finin korunmas\u0131 gere\u011finin alt\u0131n\u0131 \u00e7izen kitleler, ulusal ba\u011fl\u0131l\u0131klar\u0131n\u0131n bir kez daha alt\u0131n\u0131 \u00e7izdiler.<\/p>\n<div id='gallery-1' class='gallery galleryid-139055 gallery-columns-5 gallery-size-thumbnail'><figure class='gallery-item'>\n\t\t\t<div class='gallery-icon landscape'>\n\t\t\t\t<a href='https:\/\/archive.sana.sy\/tr\/wp-content\/uploads\/2018\/02\/1-169.jpg'><img loading=\"lazy\" decoding=\"async\" width=\"150\" height=\"113\" src=\"https:\/\/archive.sana.sy\/tr\/wp-content\/uploads\/2018\/02\/1-169-150x113.jpg\" class=\"attachment-thumbnail size-thumbnail\" alt=\"\" srcset=\"https:\/\/archive.sana.sy\/tr\/wp-content\/uploads\/2018\/02\/1-169-150x113.jpg 150w, https:\/\/archive.sana.sy\/tr\/wp-content\/uploads\/2018\/02\/1-169-300x225.jpg 300w, https:\/\/archive.sana.sy\/tr\/wp-content\/uploads\/2018\/02\/1-169.jpg 660w\" sizes=\"auto, (max-width: 150px) 100vw, 150px\" \/><\/a>\n\t\t\t<\/div><\/figure><figure class='gallery-item'>\n\t\t\t<div class='gallery-icon landscape'>\n\t\t\t\t<a href='https:\/\/archive.sana.sy\/tr\/wp-content\/uploads\/2018\/02\/2-101.jpg'><img loading=\"lazy\" decoding=\"async\" width=\"150\" height=\"85\" src=\"https:\/\/archive.sana.sy\/tr\/wp-content\/uploads\/2018\/02\/2-101-150x85.jpg\" class=\"attachment-thumbnail size-thumbnail\" alt=\"\" srcset=\"https:\/\/archive.sana.sy\/tr\/wp-content\/uploads\/2018\/02\/2-101-150x85.jpg 150w, https:\/\/archive.sana.sy\/tr\/wp-content\/uploads\/2018\/02\/2-101-300x169.jpg 300w, https:\/\/archive.sana.sy\/tr\/wp-content\/uploads\/2018\/02\/2-101.jpg 660w\" sizes=\"auto, (max-width: 150px) 100vw, 150px\" \/><\/a>\n\t\t\t<\/div><\/figure><figure class='gallery-item'>\n\t\t\t<div class='gallery-icon landscape'>\n\t\t\t\t<a href='https:\/\/archive.sana.sy\/tr\/wp-content\/uploads\/2018\/02\/3-70.jpg'><img loading=\"lazy\" decoding=\"async\" width=\"150\" height=\"113\" src=\"https:\/\/archive.sana.sy\/tr\/wp-content\/uploads\/2018\/02\/3-70-150x113.jpg\" class=\"attachment-thumbnail size-thumbnail\" alt=\"\" srcset=\"https:\/\/archive.sana.sy\/tr\/wp-content\/uploads\/2018\/02\/3-70-150x113.jpg 150w, https:\/\/archive.sana.sy\/tr\/wp-content\/uploads\/2018\/02\/3-70-300x225.jpg 300w, https:\/\/archive.sana.sy\/tr\/wp-content\/uploads\/2018\/02\/3-70.jpg 660w\" sizes=\"auto, (max-width: 150px) 100vw, 150px\" \/><\/a>\n\t\t\t<\/div><\/figure><figure class='gallery-item'>\n\t\t\t<div class='gallery-icon landscape'>\n\t\t\t\t<a href='https:\/\/archive.sana.sy\/tr\/wp-content\/uploads\/2018\/02\/4-39.jpg'><img loading=\"lazy\" decoding=\"async\" width=\"150\" height=\"113\" src=\"https:\/\/archive.sana.sy\/tr\/wp-content\/uploads\/2018\/02\/4-39-150x113.jpg\" class=\"attachment-thumbnail size-thumbnail\" alt=\"\" srcset=\"https:\/\/archive.sana.sy\/tr\/wp-content\/uploads\/2018\/02\/4-39-150x113.jpg 150w, https:\/\/archive.sana.sy\/tr\/wp-content\/uploads\/2018\/02\/4-39-300x225.jpg 300w, https:\/\/archive.sana.sy\/tr\/wp-content\/uploads\/2018\/02\/4-39.jpg 660w\" sizes=\"auto, (max-width: 150px) 100vw, 150px\" \/><\/a>\n\t\t\t<\/div><\/figure><figure class='gallery-item'>\n\t\t\t<div class='gallery-icon landscape'>\n\t\t\t\t<a href='https:\/\/archive.sana.sy\/tr\/wp-content\/uploads\/2018\/02\/5-34.jpg'><img loading=\"lazy\" decoding=\"async\" width=\"150\" height=\"75\" src=\"https:\/\/archive.sana.sy\/tr\/wp-content\/uploads\/2018\/02\/5-34-150x75.jpg\" class=\"attachment-thumbnail size-thumbnail\" alt=\"\" srcset=\"https:\/\/archive.sana.sy\/tr\/wp-content\/uploads\/2018\/02\/5-34-150x75.jpg 150w, https:\/\/archive.sana.sy\/tr\/wp-content\/uploads\/2018\/02\/5-34-300x150.jpg 300w, https:\/\/archive.sana.sy\/tr\/wp-content\/uploads\/2018\/02\/5-34.jpg 660w\" sizes=\"auto, (max-width: 150px) 100vw, 150px\" \/><\/a>\n\t\t\t<\/div><\/figure>\n\t\t<\/div>\n\n","protected":false},"excerpt":{"rendered":"<p>HALEP \u2013 Halep k\u0131rsal\u0131n\u0131n kuzeyi Afrin Kenti ahalisi ulusal ba\u011fl\u0131l\u0131klar\u0131n\u0131 ve Erdo\u011fan rejiminin Afrin B\u00f6lgesine devam eden sald\u0131r\u0131lar\u0131na kar\u015f\u0131 koymada yard\u0131ma gelen Halk G\u00fc\u00e7lerine desteklerini vurgulamak i\u00e7in kent meydan\u0131nda topland\u0131. Kalabal\u0131k kitleler halinde kent meydan\u0131nda toplan\u0131p Suriye&#8217;nin \u015fanl\u0131 bayra\u011f\u0131n\u0131 dalgaland\u0131ran kent ahalisi Erdo\u011fan rejimi ve ona tabi ter\u00f6ristlerin Afrin B\u00f6lgesinde sivil yerle\u015fim alanlar\u0131, hizmet kurumlar\u0131 &hellip;<\/p>\n","protected":false},"author":1,"featured_media":139061,"comment_status":"closed","ping_status":"closed","sticky":false,"template":"","format":"standard","meta":{"footnotes":""},"categories":[596,479,17988,478],"tags":[4096,9401,1132,21850,16591,22181,34554],"class_list":["post-139055","post","type-post","status-publish","format-standard","has-post-thumbnail","","category-fotografli-raporlar","category-haberler-yerel","category-son-haberler","category-yerel","tag-afrin","tag-erdogan","tag-halep","tag-halk-gucleri","tag-suriye","tag-suriyeliler","tag-zeytin-dali-operasyonu"],"_links":{"self":[{"href":"https:\/\/archive.sana.sy\/tr\/index.php?rest_route=\/wp\/v2\/posts\/139055","targetHints":{"allow":["GET"]}}],"collection":[{"href":"https:\/\/archive.sana.sy\/tr\/index.php?rest_route=\/wp\/v2\/posts"}],"about":[{"href":"https:\/\/archive.sana.sy\/tr\/index.php?rest_route=\/wp\/v2\/types\/post"}],"author":[{"embeddable":true,"href":"https:\/\/archive.sana.sy\/tr\/index.php?rest_route=\/wp\/v2\/users\/1"}],"replies":[{"embeddable":true,"href":"https:\/\/archive.sana.sy\/tr\/index.php?rest_route=%2Fwp%2Fv2%2Fcomments&post=139055"}],"version-history":[{"count":0,"href":"https:\/\/archive.sana.sy\/tr\/index.php?rest_route=\/wp\/v2\/posts\/139055\/revisions"}],"wp:featuredmedia":[{"embeddable":true,"href":"https:\/\/archive.sana.sy\/tr\/index.php?rest_route=\/wp\/v2\/media\/139061"}],"wp:attachment":[{"href":"https:\/\/archive.sana.sy\/tr\/index.php?rest_route=%2Fwp%2Fv2%2Fmedia&parent=139055"}],"wp:term":[{"taxonomy":"category","embeddable":true,"href":"https:\/\/archive.sana.sy\/tr\/index.php?rest_route=%2Fwp%2Fv2%2Fcategories&post=139055"},{"taxonomy":"post_tag","embeddable":true,"href":"https:\/\/archive.sana.sy\/tr\/index.php?rest_route=%2Fwp%2Fv2%2Ftags&post=139055"}],"curies":[{"name":"wp","href":"https:\/\/api.w.org\/{rel}","templated":true}]}}