{"id":139057,"date":"2018-02-22T12:43:53","date_gmt":"2018-02-22T10:43:53","guid":{"rendered":"https:\/\/www.sana.sy\/tr\/?p=139057"},"modified":"2018-02-23T14:17:58","modified_gmt":"2018-02-23T12:17:58","slug":"deyrezzora-yeni-vali-atandi-2","status":"publish","type":"post","link":"https:\/\/archive.sana.sy\/tr\/?p=139057","title":{"rendered":"Deyrezzor ve Kunaytra \u0130llerine Yeni Valiler Atand\u0131"},"content":{"rendered":"<p>\u015eAM \u2013 Cumhurba\u015fkan\u0131 Be\u015f\u015far el Esad bug\u00fcn Deyrezzor ve Kunaytra illerine yeni valilerin atanmas\u0131n\u0131 \u00f6ng\u00f6ren iki kararnameyi onaylad\u0131.<\/p>\n<p>El Esad\u2019\u0131n onaylad\u0131\u011f\u0131 2018\/72 say\u0131l\u0131 kararnamede 2016 y\u0131l\u0131nda Deyrezzor Valisi olarak atanan Muhammed \u0130brahim Semra\u2019n\u0131n g\u00f6revine son verilmesi ve yerine Abd\u00fclmecit Kevakci\u2019nin Deyrezzor Valisi olarak atanmas\u0131 \u00f6ng\u00f6r\u00fcl\u00fcyor.<\/p>\n<p>2018\/73 say\u0131l\u0131 kararname ise 2014 y\u0131l\u0131nda Kunaytra Valisi olarak atanan Ahmet \u015eeyh Abd\u00fclkadir\u2019in g\u00f6revine son verilmesi ve yerine H\u00fcmam Sad\u0131k Debyan\u2019\u0131n Kunaytra Valisi olarak atanmas\u0131n\u0131 \u00f6ng\u00f6r\u00fcyor.<\/p>\n","protected":false},"excerpt":{"rendered":"<p>\u015eAM \u2013 Cumhurba\u015fkan\u0131 Be\u015f\u015far el Esad bug\u00fcn Deyrezzor ve Kunaytra illerine yeni valilerin atanmas\u0131n\u0131 \u00f6ng\u00f6ren iki kararnameyi onaylad\u0131. El Esad\u2019\u0131n onaylad\u0131\u011f\u0131 2018\/72 say\u0131l\u0131 kararnamede 2016 y\u0131l\u0131nda Deyrezzor Valisi olarak atanan Muhammed \u0130brahim Semra\u2019n\u0131n g\u00f6revine son verilmesi ve yerine Abd\u00fclmecit Kevakci\u2019nin Deyrezzor Valisi olarak atanmas\u0131 \u00f6ng\u00f6r\u00fcl\u00fcyor. 2018\/73 say\u0131l\u0131 kararname ise 2014 y\u0131l\u0131nda Kunaytra Valisi olarak atanan &hellip;<\/p>\n","protected":false},"author":1,"featured_media":139058,"comment_status":"closed","ping_status":"closed","sticky":false,"template":"","format":"standard","meta":{"footnotes":""},"categories":[479,605,17988,612,599,478],"tags":[19968,2494,20113,3564,16591,22181,35092,22382],"class_list":["post-139057","post","type-post","status-publish","format-standard","has-post-thumbnail","","category-haberler-yerel","category-sayin-cumhurbaskani","category-son-haberler","category-yasama-kararnameler","category-yasama-ve-kanunlar","category-yerel","tag-bessar-esad","tag-deyrezzor","tag-esad","tag-kunaytra","tag-suriye","tag-suriyeliler","tag-vali-atamasi","tag-yeni-vali"],"_links":{"self":[{"href":"https:\/\/archive.sana.sy\/tr\/index.php?rest_route=\/wp\/v2\/posts\/139057","targetHints":{"allow":["GET"]}}],"collection":[{"href":"https:\/\/archive.sana.sy\/tr\/index.php?rest_route=\/wp\/v2\/posts"}],"about":[{"href":"https:\/\/archive.sana.sy\/tr\/index.php?rest_route=\/wp\/v2\/types\/post"}],"author":[{"embeddable":true,"href":"https:\/\/archive.sana.sy\/tr\/index.php?rest_route=\/wp\/v2\/users\/1"}],"replies":[{"embeddable":true,"href":"https:\/\/archive.sana.sy\/tr\/index.php?rest_route=%2Fwp%2Fv2%2Fcomments&post=139057"}],"version-history":[{"count":0,"href":"https:\/\/archive.sana.sy\/tr\/index.php?rest_route=\/wp\/v2\/posts\/139057\/revisions"}],"wp:featuredmedia":[{"embeddable":true,"href":"https:\/\/archive.sana.sy\/tr\/index.php?rest_route=\/wp\/v2\/media\/139058"}],"wp:attachment":[{"href":"https:\/\/archive.sana.sy\/tr\/index.php?rest_route=%2Fwp%2Fv2%2Fmedia&parent=139057"}],"wp:term":[{"taxonomy":"category","embeddable":true,"href":"https:\/\/archive.sana.sy\/tr\/index.php?rest_route=%2Fwp%2Fv2%2Fcategories&post=139057"},{"taxonomy":"post_tag","embeddable":true,"href":"https:\/\/archive.sana.sy\/tr\/index.php?rest_route=%2Fwp%2Fv2%2Ftags&post=139057"}],"curies":[{"name":"wp","href":"https:\/\/api.w.org\/{rel}","templated":true}]}}