{"id":139060,"date":"2018-02-22T13:41:13","date_gmt":"2018-02-22T11:41:13","guid":{"rendered":"https:\/\/www.sana.sy\/tr\/?p=139060"},"modified":"2018-02-23T12:53:35","modified_gmt":"2018-02-23T10:53:35","slug":"otoban-kenarina-yerlestirdikleri-bomba-duzenegi-etkisizlestirildi","status":"publish","type":"post","link":"https:\/\/archive.sana.sy\/tr\/?p=139060","title":{"rendered":"Otoban Kenar\u0131na Yerle\u015ftirdikleri Bomba D\u00fczene\u011fi Etkisizle\u015ftirildi"},"content":{"rendered":"<p>DERA \u2013 Ordu birliklerimize tabi bomba imha ekipleri bug\u00fcn Dera k\u0131rsal\u0131n\u0131n kuzeydo\u011fusunda \u0130srail ve daha ba\u015fka taraflar\u0131n destek ve y\u00f6nlendirmede bulunduklar\u0131 ter\u00f6ristlerin Uluslararas\u0131 Dera Otoban\u0131 kenar\u0131nda yerle\u015ftirdikleri bir bomba d\u00fczene\u011fini etkisiz hale getirdi.<\/p>\n<p>Dera \u0130l Emniyet M\u00fcd\u00fcrl\u00fc\u011f\u00fcnde bir kaynak SANA\u2019ya a\u00e7\u0131klamas\u0131nda; Dera \u2013 Mesmiye Beldesi aras\u0131ndaki uluslararas\u0131 otoban\u0131nda arama tarama operasyonu s\u0131ras\u0131nda bir fabrika yak\u0131nlar\u0131nda ter\u00f6ristler taraf\u0131ndan yerle\u015ftirilen bir bomba d\u00fczene\u011finin bulundu\u011funu aktard\u0131. Bomba d\u00fczene\u011finin bomba imha ekipleri taraf\u0131ndan ba\u015far\u0131yla etkisiz hale getirildi\u011fini belirten kaynak, otoban ve civar\u0131n\u0131 arama tarama operasyonlar\u0131n\u0131n devam etti\u011fini kaydetti.<\/p>\n<p>Kaynak L\u00fcca B\u00f6lgesinde otobana yak\u0131n beldelerde bulunan ter\u00f6ristlerin gece saatlerinde otobana \u00e7\u0131karak daha sonra sivil vatanda\u015flar\u0131n otobandan ge\u00e7tikleri s\u0131rada havaya u\u00e7urmak \u00fczere bomba d\u00fczenekleri yerle\u015ftirmeye \u00e7al\u0131\u015ft\u0131klar\u0131n\u0131 s\u00f6yledi.<\/p>\n","protected":false},"excerpt":{"rendered":"<p>DERA \u2013 Ordu birliklerimize tabi bomba imha ekipleri bug\u00fcn Dera k\u0131rsal\u0131n\u0131n kuzeydo\u011fusunda \u0130srail ve daha ba\u015fka taraflar\u0131n destek ve y\u00f6nlendirmede bulunduklar\u0131 ter\u00f6ristlerin Uluslararas\u0131 Dera Otoban\u0131 kenar\u0131nda yerle\u015ftirdikleri bir bomba d\u00fczene\u011fini etkisiz hale getirdi. Dera \u0130l Emniyet M\u00fcd\u00fcrl\u00fc\u011f\u00fcnde bir kaynak SANA\u2019ya a\u00e7\u0131klamas\u0131nda; Dera \u2013 Mesmiye Beldesi aras\u0131ndaki uluslararas\u0131 otoban\u0131nda arama tarama operasyonu s\u0131ras\u0131nda bir fabrika yak\u0131nlar\u0131nda &hellip;<\/p>\n","protected":false},"author":1,"featured_media":139075,"comment_status":"closed","ping_status":"closed","sticky":false,"template":"","format":"standard","meta":{"footnotes":""},"categories":[479,575,17988,478],"tags":[17816,1295,18174,16591,11549,19034],"class_list":["post-139060","post","type-post","status-publish","format-standard","has-post-thumbnail","","category-haberler-yerel","category-olaylar-ve-gercekler","category-son-haberler","category-yerel","tag-bomba-duzenegi","tag-dera","tag-sivillere-saldiri","tag-suriye","tag-suriye-ordusu","tag-suriyeli-muhalifler"],"_links":{"self":[{"href":"https:\/\/archive.sana.sy\/tr\/index.php?rest_route=\/wp\/v2\/posts\/139060","targetHints":{"allow":["GET"]}}],"collection":[{"href":"https:\/\/archive.sana.sy\/tr\/index.php?rest_route=\/wp\/v2\/posts"}],"about":[{"href":"https:\/\/archive.sana.sy\/tr\/index.php?rest_route=\/wp\/v2\/types\/post"}],"author":[{"embeddable":true,"href":"https:\/\/archive.sana.sy\/tr\/index.php?rest_route=\/wp\/v2\/users\/1"}],"replies":[{"embeddable":true,"href":"https:\/\/archive.sana.sy\/tr\/index.php?rest_route=%2Fwp%2Fv2%2Fcomments&post=139060"}],"version-history":[{"count":0,"href":"https:\/\/archive.sana.sy\/tr\/index.php?rest_route=\/wp\/v2\/posts\/139060\/revisions"}],"wp:featuredmedia":[{"embeddable":true,"href":"https:\/\/archive.sana.sy\/tr\/index.php?rest_route=\/wp\/v2\/media\/139075"}],"wp:attachment":[{"href":"https:\/\/archive.sana.sy\/tr\/index.php?rest_route=%2Fwp%2Fv2%2Fmedia&parent=139060"}],"wp:term":[{"taxonomy":"category","embeddable":true,"href":"https:\/\/archive.sana.sy\/tr\/index.php?rest_route=%2Fwp%2Fv2%2Fcategories&post=139060"},{"taxonomy":"post_tag","embeddable":true,"href":"https:\/\/archive.sana.sy\/tr\/index.php?rest_route=%2Fwp%2Fv2%2Ftags&post=139060"}],"curies":[{"name":"wp","href":"https:\/\/api.w.org\/{rel}","templated":true}]}}