{"id":139081,"date":"2018-02-22T16:22:01","date_gmt":"2018-02-22T14:22:01","guid":{"rendered":"https:\/\/www.sana.sy\/tr\/?p=139081"},"modified":"2018-02-23T12:53:00","modified_gmt":"2018-02-23T10:53:00","slug":"halep-kirsalinda-150-kanun-kacagi-af-kararindan-faydalandi","status":"publish","type":"post","link":"https:\/\/archive.sana.sy\/tr\/?p=139081","title":{"rendered":"Halep K\u0131rsal\u0131nda 150 Kanun Ka\u00e7a\u011f\u0131 Af Karar\u0131ndan Faydaland\u0131"},"content":{"rendered":"<p>HALEP \u2013 Ulusal uzla\u015fma \u00e7abalar\u0131 kapsam\u0131nda bug\u00fcn Halep \u0130linin do\u011fusu Menbic B\u00f6lgesinde silahlar\u0131yla birlikte teslim olan 150 kanun ka\u00e7a\u011f\u0131 af karar\u0131ndan faydaland\u0131.<\/p>\n<p>SANA muhabiri Menbic Kenti ve civar\u0131ndaki b\u00f6lgelerden 150 kanun ka\u00e7a\u011f\u0131n\u0131n silahlar\u0131yla teslim olmalar\u0131 ve ulusal g\u00fcvenli\u011fi tehdit edecek herhangi bir eyleme kat\u0131lmama taahh\u00fcd\u00fc imzalamalar\u0131 ard\u0131ndan af karar\u0131 kapsam\u0131nda kanuni durumlar\u0131 yeniden d\u00fczenlenip serbest b\u0131rak\u0131ld\u0131klar\u0131n\u0131 aktard\u0131.<\/p>\n<p>Halep k\u0131rsal\u0131n\u0131n muhtelif b\u00f6lgelerinde son olarak y\u00fczlerce kanun ka\u00e7a\u011f\u0131 teslim olup af karar\u0131ndan faydaland\u0131.<\/p>\n<p>K.\u00d6.<\/p>\n","protected":false},"excerpt":{"rendered":"<p>HALEP \u2013 Ulusal uzla\u015fma \u00e7abalar\u0131 kapsam\u0131nda bug\u00fcn Halep \u0130linin do\u011fusu Menbic B\u00f6lgesinde silahlar\u0131yla birlikte teslim olan 150 kanun ka\u00e7a\u011f\u0131 af karar\u0131ndan faydaland\u0131. SANA muhabiri Menbic Kenti ve civar\u0131ndaki b\u00f6lgelerden 150 kanun ka\u00e7a\u011f\u0131n\u0131n silahlar\u0131yla teslim olmalar\u0131 ve ulusal g\u00fcvenli\u011fi tehdit edecek herhangi bir eyleme kat\u0131lmama taahh\u00fcd\u00fc imzalamalar\u0131 ard\u0131ndan af karar\u0131 kapsam\u0131nda kanuni durumlar\u0131 yeniden d\u00fczenlenip serbest &hellip;<\/p>\n","protected":false},"author":1,"featured_media":139083,"comment_status":"closed","ping_status":"closed","sticky":false,"template":"","format":"standard","meta":{"footnotes":""},"categories":[479,575,17988,478],"tags":[35097,1132,35095,35096,16591,22181],"class_list":["post-139081","post","type-post","status-publish","format-standard","has-post-thumbnail","","category-haberler-yerel","category-olaylar-ve-gercekler","category-son-haberler","category-yerel","tag-150-kanun-kacagi-teslim-oldu","tag-halep","tag-membic-bolgesinde-silahlarini-teslim-ettiler","tag-membic-kenti","tag-suriye","tag-suriyeliler"],"_links":{"self":[{"href":"https:\/\/archive.sana.sy\/tr\/index.php?rest_route=\/wp\/v2\/posts\/139081","targetHints":{"allow":["GET"]}}],"collection":[{"href":"https:\/\/archive.sana.sy\/tr\/index.php?rest_route=\/wp\/v2\/posts"}],"about":[{"href":"https:\/\/archive.sana.sy\/tr\/index.php?rest_route=\/wp\/v2\/types\/post"}],"author":[{"embeddable":true,"href":"https:\/\/archive.sana.sy\/tr\/index.php?rest_route=\/wp\/v2\/users\/1"}],"replies":[{"embeddable":true,"href":"https:\/\/archive.sana.sy\/tr\/index.php?rest_route=%2Fwp%2Fv2%2Fcomments&post=139081"}],"version-history":[{"count":0,"href":"https:\/\/archive.sana.sy\/tr\/index.php?rest_route=\/wp\/v2\/posts\/139081\/revisions"}],"wp:featuredmedia":[{"embeddable":true,"href":"https:\/\/archive.sana.sy\/tr\/index.php?rest_route=\/wp\/v2\/media\/139083"}],"wp:attachment":[{"href":"https:\/\/archive.sana.sy\/tr\/index.php?rest_route=%2Fwp%2Fv2%2Fmedia&parent=139081"}],"wp:term":[{"taxonomy":"category","embeddable":true,"href":"https:\/\/archive.sana.sy\/tr\/index.php?rest_route=%2Fwp%2Fv2%2Fcategories&post=139081"},{"taxonomy":"post_tag","embeddable":true,"href":"https:\/\/archive.sana.sy\/tr\/index.php?rest_route=%2Fwp%2Fv2%2Ftags&post=139081"}],"curies":[{"name":"wp","href":"https:\/\/api.w.org\/{rel}","templated":true}]}}