{"id":139539,"date":"2018-02-27T10:00:11","date_gmt":"2018-02-27T08:00:11","guid":{"rendered":"https:\/\/www.sana.sy\/tr\/?p=139539"},"modified":"2018-02-28T13:52:48","modified_gmt":"2018-02-28T11:52:48","slug":"cikacak-sivilleri-karsilamak-icin-hazirliklar-yapildi","status":"publish","type":"post","link":"https:\/\/archive.sana.sy\/tr\/?p=139539","title":{"rendered":"\u00c7\u0131kacak Sivilleri Kar\u015f\u0131lamak \u0130\u00e7in Haz\u0131rl\u0131klar Yap\u0131ld\u0131"},"content":{"rendered":"<p>\u015eAM KIRSALI \u2013 \u015eam k\u0131rsal\u0131 Do\u011fu \u011euta\u2019dan \u00e7\u0131kmak isteyen sivillerin Do\u011fu \u011euta yak\u0131nlar\u0131nda bulunan Vafidin B\u00f6lgesinde kar\u015f\u0131lan\u0131p temel gereksinimlerinin temin edilmesi i\u00e7in haz\u0131rl\u0131klar\u0131 tamamlan\u0131rken, radikal ter\u00f6ristleri bu sivillerin g\u00fcvenli \u00e7\u0131k\u0131\u015flar\u0131 i\u00e7in belirlenen insani koridorlara sald\u0131rd\u0131.<\/p>\n<p><a href=\"https:\/\/www.sana.sy\/tr\/wp-content\/uploads\/2018\/02\/0-33.jpg\"><img loading=\"lazy\" decoding=\"async\" class=\"alignright wp-image-139581 size-medium\" src=\"https:\/\/www.sana.sy\/tr\/wp-content\/uploads\/2018\/02\/0-33-300x207.jpg\" alt=\"\" width=\"300\" height=\"207\" srcset=\"https:\/\/archive.sana.sy\/tr\/wp-content\/uploads\/2018\/02\/0-33-300x207.jpg 300w, https:\/\/archive.sana.sy\/tr\/wp-content\/uploads\/2018\/02\/0-33-150x103.jpg 150w, https:\/\/archive.sana.sy\/tr\/wp-content\/uploads\/2018\/02\/0-33-768x529.jpg 768w, https:\/\/archive.sana.sy\/tr\/wp-content\/uploads\/2018\/02\/0-33-1024x705.jpg 1024w, https:\/\/archive.sana.sy\/tr\/wp-content\/uploads\/2018\/02\/0-33-110x75.jpg 110w, https:\/\/archive.sana.sy\/tr\/wp-content\/uploads\/2018\/02\/0-33.jpg 1200w\" sizes=\"auto, (max-width: 300px) 100vw, 300px\" \/><\/a>\u015eam \u00c7evre Kent \u0130l Emniyet M\u00fcd\u00fcrl\u00fc\u011f\u00fcnde bir kaynak; bir k\u0131s\u0131m devletlerin \u2018\u0131l\u0131ml\u0131 muhalifler\u2019 ad\u0131n\u0131 verip uluslar aras\u0131 platformlarda savunduklar\u0131 ter\u00f6ristlerin Do\u011fu \u011euta\u2019da rehine al\u0131p canl\u0131 kalkan olarak kulland\u0131klar\u0131 sivillerin \u00e7\u0131k\u0131\u015flar\u0131n\u0131 \u00f6nlemek amac\u0131yla belirlenen insani koridorlara 5 f\u00fczeyle sald\u0131rd\u0131klar\u0131n\u0131 belirtti.<\/p>\n<p>Kaynak sabah saat 09:00\u2019dan saat 14:00\u2019a dek ilan edilen \u00e7at\u0131\u015fmalar\u0131 durdurma durumu kapsam\u0131nda Do\u011fu \u011euta\u2019dan \u00e7\u0131kmak isteyen sivil vatanda\u015flar\u0131n kar\u015f\u0131lanacaklar\u0131 merkezin haz\u0131rland\u0131\u011f\u0131n\u0131 belirtti. Vafidin B\u00f6lgesinde haz\u0131rlanan merkezin vatanda\u015flara gerekli t\u00fcm temel ve acil gereksinimleri temin edecek \u015fekilde haz\u0131rland\u0131\u011f\u0131n\u0131 ifade eden kaynak; \u00e7\u0131kacak vatanda\u015flara gereken \u00f6n yard\u0131mlar\u0131n yap\u0131lmas\u0131 ard\u0131ndan onlar\u0131 ge\u00e7ici ikamet merkezlerine aktaracak ula\u015f\u0131m ara\u00e7lar\u0131n\u0131n da haz\u0131rland\u0131\u011f\u0131n\u0131 belirtti.<\/p>\n<p>Kaynak \u00e7\u0131kacak vatanda\u015flara t\u0131bbi, g\u0131da, bar\u0131nak ve benzeri t\u00fcm temel gereksinimlerinin temin edilece\u011fine dikkat \u00e7ekti.<\/p>\n","protected":false},"excerpt":{"rendered":"<p>\u015eAM KIRSALI \u2013 \u015eam k\u0131rsal\u0131 Do\u011fu \u011euta\u2019dan \u00e7\u0131kmak isteyen sivillerin Do\u011fu \u011euta yak\u0131nlar\u0131nda bulunan Vafidin B\u00f6lgesinde kar\u015f\u0131lan\u0131p temel gereksinimlerinin temin edilmesi i\u00e7in haz\u0131rl\u0131klar\u0131 tamamlan\u0131rken, radikal ter\u00f6ristleri bu sivillerin g\u00fcvenli \u00e7\u0131k\u0131\u015flar\u0131 i\u00e7in belirlenen insani koridorlara sald\u0131rd\u0131. \u015eam \u00c7evre Kent \u0130l Emniyet M\u00fcd\u00fcrl\u00fc\u011f\u00fcnde bir kaynak; bir k\u0131s\u0131m devletlerin \u2018\u0131l\u0131ml\u0131 muhalifler\u2019 ad\u0131n\u0131 verip uluslar aras\u0131 platformlarda savunduklar\u0131 ter\u00f6ristlerin &hellip;<\/p>\n","protected":false},"author":1,"featured_media":139580,"comment_status":"closed","ping_status":"closed","sticky":false,"template":"","format":"standard","meta":{"footnotes":""},"categories":[479,575,17988,478],"tags":[17322,35158,2297,22882,19034,22181],"class_list":["post-139539","post","type-post","status-publish","format-standard","has-post-thumbnail","","category-haberler-yerel","category-olaylar-ve-gercekler","category-son-haberler","category-yerel","tag-dogu-guta","tag-insani-koridorlar","tag-sam-kirsali","tag-sivil-vatandaslar","tag-suriyeli-muhalifler","tag-suriyeliler"],"_links":{"self":[{"href":"https:\/\/archive.sana.sy\/tr\/index.php?rest_route=\/wp\/v2\/posts\/139539","targetHints":{"allow":["GET"]}}],"collection":[{"href":"https:\/\/archive.sana.sy\/tr\/index.php?rest_route=\/wp\/v2\/posts"}],"about":[{"href":"https:\/\/archive.sana.sy\/tr\/index.php?rest_route=\/wp\/v2\/types\/post"}],"author":[{"embeddable":true,"href":"https:\/\/archive.sana.sy\/tr\/index.php?rest_route=\/wp\/v2\/users\/1"}],"replies":[{"embeddable":true,"href":"https:\/\/archive.sana.sy\/tr\/index.php?rest_route=%2Fwp%2Fv2%2Fcomments&post=139539"}],"version-history":[{"count":0,"href":"https:\/\/archive.sana.sy\/tr\/index.php?rest_route=\/wp\/v2\/posts\/139539\/revisions"}],"wp:featuredmedia":[{"embeddable":true,"href":"https:\/\/archive.sana.sy\/tr\/index.php?rest_route=\/wp\/v2\/media\/139580"}],"wp:attachment":[{"href":"https:\/\/archive.sana.sy\/tr\/index.php?rest_route=%2Fwp%2Fv2%2Fmedia&parent=139539"}],"wp:term":[{"taxonomy":"category","embeddable":true,"href":"https:\/\/archive.sana.sy\/tr\/index.php?rest_route=%2Fwp%2Fv2%2Fcategories&post=139539"},{"taxonomy":"post_tag","embeddable":true,"href":"https:\/\/archive.sana.sy\/tr\/index.php?rest_route=%2Fwp%2Fv2%2Ftags&post=139539"}],"curies":[{"name":"wp","href":"https:\/\/api.w.org\/{rel}","templated":true}]}}