{"id":139549,"date":"2018-02-27T14:20:52","date_gmt":"2018-02-27T12:20:52","guid":{"rendered":"https:\/\/www.sana.sy\/tr\/?p=139549"},"modified":"2018-02-27T14:20:52","modified_gmt":"2018-02-27T12:20:52","slug":"disisleri-ve-gurbetciler-bakanligi-abd-ve-komutasinda-uluslar-arasi-kanunlara-aykiri-olarak-teskil-edilen-uluslar-arasi-koalisyon-guclerinin-suriye-halkina-karsi-katliamlarini-surdurduklerini-ve-radik","status":"publish","type":"post","link":"https:\/\/archive.sana.sy\/tr\/?p=139549","title":{"rendered":"D\u0131\u015fi\u015fleri ve Gurbet\u00e7iler Bakanl\u0131\u011f\u0131 ABD ve komutas\u0131nda uluslar aras\u0131 kanunlara ayk\u0131r\u0131 olarak te\u015fkil edilen uluslar aras\u0131 koalisyon g\u00fc\u00e7lerinin Suriye halk\u0131na kar\u015f\u0131 katliamlar\u0131n\u0131 s\u00fcrd\u00fcrd\u00fcklerini ve radikal ter\u00f6r \u00f6rg\u00fct\u00fc I\u015e\u0130D\u2019ten arta kalan az\u0131l\u0131 ter\u00f6ristleri korumaya devam ettiklerini belirtti"},"content":{"rendered":"<p>D\u0131\u015fi\u015fleri ve Gurbet\u00e7iler Bakanl\u0131\u011f\u0131 ABD ve komutas\u0131nda uluslar aras\u0131 kanunlara ayk\u0131r\u0131 olarak te\u015fkil edilen uluslar aras\u0131 koalisyon g\u00fc\u00e7lerinin Suriye halk\u0131na kar\u015f\u0131 katliamlar\u0131n\u0131 s\u00fcrd\u00fcrd\u00fcklerini ve radikal ter\u00f6r \u00f6rg\u00fct\u00fc I\u015e\u0130D\u2019ten arta kalan az\u0131l\u0131 ter\u00f6ristleri korumaya devam ettiklerini belirtti<\/p>\n","protected":false},"excerpt":{"rendered":"<p>D\u0131\u015fi\u015fleri ve Gurbet\u00e7iler Bakanl\u0131\u011f\u0131 ABD ve komutas\u0131nda uluslar aras\u0131 kanunlara ayk\u0131r\u0131 olarak te\u015fkil edilen uluslar aras\u0131 koalisyon g\u00fc\u00e7lerinin Suriye halk\u0131na kar\u015f\u0131 katliamlar\u0131n\u0131 s\u00fcrd\u00fcrd\u00fcklerini ve radikal ter\u00f6r \u00f6rg\u00fct\u00fc I\u015e\u0130D\u2019ten arta kalan az\u0131l\u0131 ter\u00f6ristleri korumaya devam ettiklerini belirtti<\/p>\n","protected":false},"author":1,"featured_media":0,"comment_status":"closed","ping_status":"closed","sticky":false,"template":"","format":"standard","meta":{"footnotes":""},"categories":[17991],"tags":[],"class_list":["post-139549","post","type-post","status-publish","format-standard","","category-son-dakika"],"_links":{"self":[{"href":"https:\/\/archive.sana.sy\/tr\/index.php?rest_route=\/wp\/v2\/posts\/139549","targetHints":{"allow":["GET"]}}],"collection":[{"href":"https:\/\/archive.sana.sy\/tr\/index.php?rest_route=\/wp\/v2\/posts"}],"about":[{"href":"https:\/\/archive.sana.sy\/tr\/index.php?rest_route=\/wp\/v2\/types\/post"}],"author":[{"embeddable":true,"href":"https:\/\/archive.sana.sy\/tr\/index.php?rest_route=\/wp\/v2\/users\/1"}],"replies":[{"embeddable":true,"href":"https:\/\/archive.sana.sy\/tr\/index.php?rest_route=%2Fwp%2Fv2%2Fcomments&post=139549"}],"version-history":[{"count":0,"href":"https:\/\/archive.sana.sy\/tr\/index.php?rest_route=\/wp\/v2\/posts\/139549\/revisions"}],"wp:attachment":[{"href":"https:\/\/archive.sana.sy\/tr\/index.php?rest_route=%2Fwp%2Fv2%2Fmedia&parent=139549"}],"wp:term":[{"taxonomy":"category","embeddable":true,"href":"https:\/\/archive.sana.sy\/tr\/index.php?rest_route=%2Fwp%2Fv2%2Fcategories&post=139549"},{"taxonomy":"post_tag","embeddable":true,"href":"https:\/\/archive.sana.sy\/tr\/index.php?rest_route=%2Fwp%2Fv2%2Ftags&post=139549"}],"curies":[{"name":"wp","href":"https:\/\/api.w.org\/{rel}","templated":true}]}}