{"id":139555,"date":"2018-02-27T14:23:22","date_gmt":"2018-02-27T12:23:22","guid":{"rendered":"https:\/\/www.sana.sy\/tr\/?p=139555"},"modified":"2018-02-27T14:23:22","modified_gmt":"2018-02-27T12:23:22","slug":"bakanlik-bugun-birlesmis-milletler-genel-sekreteri-ve-guvenlik-konseyi-baskanina-gonderdigi-iki-es-resmi-mektubunda-abd-ve-komutasindaki-koalisyon-guclerinin-bu-tutumunun-suriyede-asil-hedeflerini","status":"publish","type":"post","link":"https:\/\/archive.sana.sy\/tr\/?p=139555","title":{"rendered":"Bakanl\u0131k bug\u00fcn Birle\u015fmi\u015f Milletler genel sekreteri ve G\u00fcvenlik Konseyi ba\u015fkan\u0131na g\u00f6nderdi\u011fi iki e\u015f resmi mektubunda; ABD ve komutas\u0131ndaki koalisyon g\u00fc\u00e7lerinin bu tutumunun, Suriye&#8217;de as\u0131l hedeflerini bir kez daha net bir \u015fekilde ortaya koydu\u011funu vurgulad\u0131."},"content":{"rendered":"<p>Bakanl\u0131k bug\u00fcn Birle\u015fmi\u015f Milletler genel sekreteri ve G\u00fcvenlik Konseyi ba\u015fkan\u0131na g\u00f6nderdi\u011fi iki e\u015f resmi mektubunda; ABD ve komutas\u0131ndaki koalisyon g\u00fc\u00e7lerinin bu tutumunun, Suriye&#8217;de as\u0131l hedeflerini bir kez daha net bir \u015fekilde ortaya koydu\u011funu vurgulad\u0131.<\/p>\n","protected":false},"excerpt":{"rendered":"<p>Bakanl\u0131k bug\u00fcn Birle\u015fmi\u015f Milletler genel sekreteri ve G\u00fcvenlik Konseyi ba\u015fkan\u0131na g\u00f6nderdi\u011fi iki e\u015f resmi mektubunda; ABD ve komutas\u0131ndaki koalisyon g\u00fc\u00e7lerinin bu tutumunun, Suriye&#8217;de as\u0131l hedeflerini bir kez daha net bir \u015fekilde ortaya koydu\u011funu vurgulad\u0131.<\/p>\n","protected":false},"author":1,"featured_media":0,"comment_status":"closed","ping_status":"closed","sticky":false,"template":"","format":"standard","meta":{"footnotes":""},"categories":[17991],"tags":[],"class_list":["post-139555","post","type-post","status-publish","format-standard","","category-son-dakika"],"_links":{"self":[{"href":"https:\/\/archive.sana.sy\/tr\/index.php?rest_route=\/wp\/v2\/posts\/139555","targetHints":{"allow":["GET"]}}],"collection":[{"href":"https:\/\/archive.sana.sy\/tr\/index.php?rest_route=\/wp\/v2\/posts"}],"about":[{"href":"https:\/\/archive.sana.sy\/tr\/index.php?rest_route=\/wp\/v2\/types\/post"}],"author":[{"embeddable":true,"href":"https:\/\/archive.sana.sy\/tr\/index.php?rest_route=\/wp\/v2\/users\/1"}],"replies":[{"embeddable":true,"href":"https:\/\/archive.sana.sy\/tr\/index.php?rest_route=%2Fwp%2Fv2%2Fcomments&post=139555"}],"version-history":[{"count":0,"href":"https:\/\/archive.sana.sy\/tr\/index.php?rest_route=\/wp\/v2\/posts\/139555\/revisions"}],"wp:attachment":[{"href":"https:\/\/archive.sana.sy\/tr\/index.php?rest_route=%2Fwp%2Fv2%2Fmedia&parent=139555"}],"wp:term":[{"taxonomy":"category","embeddable":true,"href":"https:\/\/archive.sana.sy\/tr\/index.php?rest_route=%2Fwp%2Fv2%2Fcategories&post=139555"},{"taxonomy":"post_tag","embeddable":true,"href":"https:\/\/archive.sana.sy\/tr\/index.php?rest_route=%2Fwp%2Fv2%2Ftags&post=139555"}],"curies":[{"name":"wp","href":"https:\/\/api.w.org\/{rel}","templated":true}]}}