{"id":139558,"date":"2018-02-27T14:28:32","date_gmt":"2018-02-27T12:28:32","guid":{"rendered":"https:\/\/www.sana.sy\/tr\/?p=139558"},"modified":"2018-02-27T14:28:32","modified_gmt":"2018-02-27T12:28:32","slug":"suriyenin-bm-ve-bmgkyi-abd-ve-koalisyonunun-suriyede-isledikleri-savas-suclari-ve-insanliga-karsi-suclara-son-vermeleri-icin-caydirici-etkin-icraatlar-almada-goreve-cagirdiginin-altini-ci","status":"publish","type":"post","link":"https:\/\/archive.sana.sy\/tr\/?p=139558","title":{"rendered":"Suriye&#8217;nin BM ve BMGK\u2019yi ABD ve koalisyonunun Suriye&#8217;de i\u015fledikleri sava\u015f su\u00e7lar\u0131 ve insanl\u0131\u011fa kar\u015f\u0131 su\u00e7lara son vermeleri i\u00e7in cayd\u0131r\u0131c\u0131 etkin icraatlar almada g\u00f6reve \u00e7a\u011f\u0131rd\u0131\u011f\u0131n\u0131n alt\u0131n\u0131 \u00e7izen bakanl\u0131k; Suriye ve halk\u0131na kar\u015f\u0131 bu katliamlar ve sald\u0131r\u0131lar\u0131n derhal son bulmas\u0131 talebinde bulundu\u011funu ifade etti."},"content":{"rendered":"<p>Suriye&#8217;nin BM ve BMGK\u2019yi ABD ve koalisyonunun Suriye&#8217;de i\u015fledikleri sava\u015f su\u00e7lar\u0131 ve insanl\u0131\u011fa kar\u015f\u0131 su\u00e7lara son vermeleri i\u00e7in cayd\u0131r\u0131c\u0131 etkin icraatlar almada g\u00f6reve \u00e7a\u011f\u0131rd\u0131\u011f\u0131n\u0131n alt\u0131n\u0131 \u00e7izen bakanl\u0131k; Suriye ve halk\u0131na kar\u015f\u0131 bu katliamlar ve sald\u0131r\u0131lar\u0131n derhal son bulmas\u0131 talebinde bulundu\u011funu ifade etti.<\/p>\n","protected":false},"excerpt":{"rendered":"<p>Suriye&#8217;nin BM ve BMGK\u2019yi ABD ve koalisyonunun Suriye&#8217;de i\u015fledikleri sava\u015f su\u00e7lar\u0131 ve insanl\u0131\u011fa kar\u015f\u0131 su\u00e7lara son vermeleri i\u00e7in cayd\u0131r\u0131c\u0131 etkin icraatlar almada g\u00f6reve \u00e7a\u011f\u0131rd\u0131\u011f\u0131n\u0131n alt\u0131n\u0131 \u00e7izen bakanl\u0131k; Suriye ve halk\u0131na kar\u015f\u0131 bu katliamlar ve sald\u0131r\u0131lar\u0131n derhal son bulmas\u0131 talebinde bulundu\u011funu ifade etti.<\/p>\n","protected":false},"author":1,"featured_media":0,"comment_status":"closed","ping_status":"closed","sticky":false,"template":"","format":"standard","meta":{"footnotes":""},"categories":[17991],"tags":[],"class_list":["post-139558","post","type-post","status-publish","format-standard","","category-son-dakika"],"_links":{"self":[{"href":"https:\/\/archive.sana.sy\/tr\/index.php?rest_route=\/wp\/v2\/posts\/139558","targetHints":{"allow":["GET"]}}],"collection":[{"href":"https:\/\/archive.sana.sy\/tr\/index.php?rest_route=\/wp\/v2\/posts"}],"about":[{"href":"https:\/\/archive.sana.sy\/tr\/index.php?rest_route=\/wp\/v2\/types\/post"}],"author":[{"embeddable":true,"href":"https:\/\/archive.sana.sy\/tr\/index.php?rest_route=\/wp\/v2\/users\/1"}],"replies":[{"embeddable":true,"href":"https:\/\/archive.sana.sy\/tr\/index.php?rest_route=%2Fwp%2Fv2%2Fcomments&post=139558"}],"version-history":[{"count":0,"href":"https:\/\/archive.sana.sy\/tr\/index.php?rest_route=\/wp\/v2\/posts\/139558\/revisions"}],"wp:attachment":[{"href":"https:\/\/archive.sana.sy\/tr\/index.php?rest_route=%2Fwp%2Fv2%2Fmedia&parent=139558"}],"wp:term":[{"taxonomy":"category","embeddable":true,"href":"https:\/\/archive.sana.sy\/tr\/index.php?rest_route=%2Fwp%2Fv2%2Fcategories&post=139558"},{"taxonomy":"post_tag","embeddable":true,"href":"https:\/\/archive.sana.sy\/tr\/index.php?rest_route=%2Fwp%2Fv2%2Ftags&post=139558"}],"curies":[{"name":"wp","href":"https:\/\/api.w.org\/{rel}","templated":true}]}}