{"id":139560,"date":"2018-02-27T14:26:03","date_gmt":"2018-02-27T12:26:03","guid":{"rendered":"https:\/\/www.sana.sy\/tr\/?p=139560"},"modified":"2018-02-27T14:26:03","modified_gmt":"2018-02-27T12:26:03","slug":"abd-ve-uluslar-arasi-kanunlara-aykiri-koalisyon-guclerinin-asil-hedeflerinin-suriyenin-egemenliginin-yani-sira-toprak-butunlugu-ve-selametini-sabote-etmek-oldugunun-altini-cizen-bakanlik-ayni-zaman","status":"publish","type":"post","link":"https:\/\/archive.sana.sy\/tr\/?p=139560","title":{"rendered":"ABD ve uluslar aras\u0131 kanunlara ayk\u0131r\u0131 koalisyon g\u00fc\u00e7lerinin as\u0131l hedeflerinin Suriye&#8217;nin egemenli\u011finin yan\u0131 s\u0131ra toprak b\u00fct\u00fcnl\u00fc\u011f\u00fc ve selametini sabote etmek oldu\u011funun alt\u0131n\u0131 \u00e7izen bakanl\u0131k, ayn\u0131 zamanda Suriye&#8217;de krizin devam etmesi ve daha fazla masum kanlar\u0131n ak\u0131t\u0131lmas\u0131n\u0131 ama\u00e7lad\u0131klar\u0131n\u0131 kaydetti."},"content":{"rendered":"<p>ABD ve uluslar aras\u0131 kanunlara ayk\u0131r\u0131 koalisyon g\u00fc\u00e7lerinin as\u0131l hedeflerinin Suriye&#8217;nin egemenli\u011finin yan\u0131 s\u0131ra toprak b\u00fct\u00fcnl\u00fc\u011f\u00fc ve selametini sabote etmek oldu\u011funun alt\u0131n\u0131 \u00e7izen bakanl\u0131k, ayn\u0131 zamanda Suriye&#8217;de krizin devam etmesi ve daha fazla masum kanlar\u0131n ak\u0131t\u0131lmas\u0131n\u0131 ama\u00e7lad\u0131klar\u0131n\u0131 kaydetti.<\/p>\n","protected":false},"excerpt":{"rendered":"<p>ABD ve uluslar aras\u0131 kanunlara ayk\u0131r\u0131 koalisyon g\u00fc\u00e7lerinin as\u0131l hedeflerinin Suriye&#8217;nin egemenli\u011finin yan\u0131 s\u0131ra toprak b\u00fct\u00fcnl\u00fc\u011f\u00fc ve selametini sabote etmek oldu\u011funun alt\u0131n\u0131 \u00e7izen bakanl\u0131k, ayn\u0131 zamanda Suriye&#8217;de krizin devam etmesi ve daha fazla masum kanlar\u0131n ak\u0131t\u0131lmas\u0131n\u0131 ama\u00e7lad\u0131klar\u0131n\u0131 kaydetti.<\/p>\n","protected":false},"author":1,"featured_media":0,"comment_status":"closed","ping_status":"closed","sticky":false,"template":"","format":"standard","meta":{"footnotes":""},"categories":[17991],"tags":[],"class_list":["post-139560","post","type-post","status-publish","format-standard","","category-son-dakika"],"_links":{"self":[{"href":"https:\/\/archive.sana.sy\/tr\/index.php?rest_route=\/wp\/v2\/posts\/139560","targetHints":{"allow":["GET"]}}],"collection":[{"href":"https:\/\/archive.sana.sy\/tr\/index.php?rest_route=\/wp\/v2\/posts"}],"about":[{"href":"https:\/\/archive.sana.sy\/tr\/index.php?rest_route=\/wp\/v2\/types\/post"}],"author":[{"embeddable":true,"href":"https:\/\/archive.sana.sy\/tr\/index.php?rest_route=\/wp\/v2\/users\/1"}],"replies":[{"embeddable":true,"href":"https:\/\/archive.sana.sy\/tr\/index.php?rest_route=%2Fwp%2Fv2%2Fcomments&post=139560"}],"version-history":[{"count":0,"href":"https:\/\/archive.sana.sy\/tr\/index.php?rest_route=\/wp\/v2\/posts\/139560\/revisions"}],"wp:attachment":[{"href":"https:\/\/archive.sana.sy\/tr\/index.php?rest_route=%2Fwp%2Fv2%2Fmedia&parent=139560"}],"wp:term":[{"taxonomy":"category","embeddable":true,"href":"https:\/\/archive.sana.sy\/tr\/index.php?rest_route=%2Fwp%2Fv2%2Fcategories&post=139560"},{"taxonomy":"post_tag","embeddable":true,"href":"https:\/\/archive.sana.sy\/tr\/index.php?rest_route=%2Fwp%2Fv2%2Ftags&post=139560"}],"curies":[{"name":"wp","href":"https:\/\/api.w.org\/{rel}","templated":true}]}}