{"id":139691,"date":"2018-02-28T01:00:46","date_gmt":"2018-02-27T23:00:46","guid":{"rendered":"https:\/\/www.sana.sy\/tr\/?p=139691"},"modified":"2018-03-01T11:24:03","modified_gmt":"2018-03-01T09:24:03","slug":"suriyeli-heykeltirasin-eserleri-yogun-ilgi-gordu","status":"publish","type":"post","link":"https:\/\/archive.sana.sy\/tr\/?p=139691","title":{"rendered":"Suriyeli Heykelt\u0131ra\u015f\u0131n Eserleri Yo\u011fun \u0130lgi G\u00f6rd\u00fc"},"content":{"rendered":"<p>\u015eAM \u2013 Suriyeli Heykelt\u0131ra\u015f Rami Vakkaf\u2019\u0131n \u0130ngiltere\u2019nin ba\u015fkenti Londra\u2019da d\u00fczenlenen heykelt\u0131ra\u015f fuar\u0131nda sergiledi\u011fi eserleri t\u00fcm fuar ziyaret\u00e7ilerinin yo\u011fun ilgisini \u00e7ekti.<\/p>\n<p><a href=\"https:\/\/www.sana.sy\/tr\/wp-content\/uploads\/2018\/02\/1-1-3.jpg\"><img loading=\"lazy\" decoding=\"async\" class=\"alignright wp-image-139717 size-medium\" src=\"https:\/\/www.sana.sy\/tr\/wp-content\/uploads\/2018\/02\/1-1-3-300x200.jpg\" alt=\"\" width=\"300\" height=\"200\" srcset=\"https:\/\/archive.sana.sy\/tr\/wp-content\/uploads\/2018\/02\/1-1-3-300x200.jpg 300w, https:\/\/archive.sana.sy\/tr\/wp-content\/uploads\/2018\/02\/1-1-3-150x100.jpg 150w, https:\/\/archive.sana.sy\/tr\/wp-content\/uploads\/2018\/02\/1-1-3-768x512.jpg 768w, https:\/\/archive.sana.sy\/tr\/wp-content\/uploads\/2018\/02\/1-1-3.jpg 1000w\" sizes=\"auto, (max-width: 300px) 100vw, 300px\" \/><\/a>Eserler do\u011fa elementlerinin heykelt\u0131ra\u015fl\u0131k sanat\u0131ndan i\u015flenmesi deneyimine \u0131\u015f\u0131k tutarken ta\u015f\u0131d\u0131\u011f\u0131 evrensel insani ruh ve ideolojik y\u00f6nelim t\u00fcm sanatseverlerin dikkatini \u00e7ekti.<\/p>\n<p>Vakkaf verdi\u011fi deme\u00e7te fuara kat\u0131l\u0131m\u0131n kendisi i\u00e7in \u00f6nemli bir f\u0131rsat te\u015fkil etti\u011fini ifade ederken, organizat\u00f6r \u015firketle i\u015fbirli\u011fi s\u00f6zle\u015fmesi imzalad\u0131\u011f\u0131n\u0131 a\u00e7\u0131klad\u0131.<\/p>\n<p>Suriyeli heykelt\u0131ra\u015f Suriye&#8217;nin ad\u0131n\u0131 ve sanat\u0131n\u0131 d\u00fcnyaya onurla tan\u0131tman\u0131n e\u015fi benzeri bulunmayan bir duygu oldu\u011funu ifade etti.<\/p>\n<div id='gallery-1' class='gallery galleryid-139691 gallery-columns-2 gallery-size-medium'><figure class='gallery-item'>\n\t\t\t<div class='gallery-icon landscape'>\n\t\t\t\t<a href='https:\/\/archive.sana.sy\/tr\/wp-content\/uploads\/2018\/02\/1-220.jpg'><img loading=\"lazy\" decoding=\"async\" width=\"300\" height=\"214\" src=\"https:\/\/archive.sana.sy\/tr\/wp-content\/uploads\/2018\/02\/1-220-300x214.jpg\" class=\"attachment-medium size-medium\" alt=\"\" srcset=\"https:\/\/archive.sana.sy\/tr\/wp-content\/uploads\/2018\/02\/1-220-300x214.jpg 300w, https:\/\/archive.sana.sy\/tr\/wp-content\/uploads\/2018\/02\/1-220-150x107.jpg 150w, https:\/\/archive.sana.sy\/tr\/wp-content\/uploads\/2018\/02\/1-220.jpg 631w\" sizes=\"auto, (max-width: 300px) 100vw, 300px\" \/><\/a>\n\t\t\t<\/div><\/figure><figure class='gallery-item'>\n\t\t\t<div class='gallery-icon landscape'>\n\t\t\t\t<a href='https:\/\/archive.sana.sy\/tr\/wp-content\/uploads\/2018\/02\/2-132.jpg'><img loading=\"lazy\" decoding=\"async\" width=\"300\" height=\"212\" src=\"https:\/\/archive.sana.sy\/tr\/wp-content\/uploads\/2018\/02\/2-132-300x212.jpg\" class=\"attachment-medium size-medium\" alt=\"\" srcset=\"https:\/\/archive.sana.sy\/tr\/wp-content\/uploads\/2018\/02\/2-132-300x212.jpg 300w, https:\/\/archive.sana.sy\/tr\/wp-content\/uploads\/2018\/02\/2-132-150x106.jpg 150w, https:\/\/archive.sana.sy\/tr\/wp-content\/uploads\/2018\/02\/2-132.jpg 629w\" sizes=\"auto, (max-width: 300px) 100vw, 300px\" \/><\/a>\n\t\t\t<\/div><\/figure>\n\t\t<\/div>\n\n","protected":false},"excerpt":{"rendered":"<p>\u015eAM \u2013 Suriyeli Heykelt\u0131ra\u015f Rami Vakkaf\u2019\u0131n \u0130ngiltere\u2019nin ba\u015fkenti Londra\u2019da d\u00fczenlenen heykelt\u0131ra\u015f fuar\u0131nda sergiledi\u011fi eserleri t\u00fcm fuar ziyaret\u00e7ilerinin yo\u011fun ilgisini \u00e7ekti. Eserler do\u011fa elementlerinin heykelt\u0131ra\u015fl\u0131k sanat\u0131ndan i\u015flenmesi deneyimine \u0131\u015f\u0131k tutarken ta\u015f\u0131d\u0131\u011f\u0131 evrensel insani ruh ve ideolojik y\u00f6nelim t\u00fcm sanatseverlerin dikkatini \u00e7ekti. Vakkaf verdi\u011fi deme\u00e7te fuara kat\u0131l\u0131m\u0131n kendisi i\u00e7in \u00f6nemli bir f\u0131rsat te\u015fkil etti\u011fini ifade ederken, organizat\u00f6r &hellip;<\/p>\n","protected":false},"author":1,"featured_media":139698,"comment_status":"closed","ping_status":"closed","sticky":false,"template":"","format":"standard","meta":{"footnotes":""},"categories":[516,479,511,17988,478],"tags":[35178,25610,10056,35177],"class_list":["post-139691","post","type-post","status-publish","format-standard","has-post-thumbnail","","category-haberler-kultur-ve-sanat","category-haberler-yerel","category-kultur-ve-sanat","category-son-haberler","category-yerel","tag-heykeltiras-fuarinda","tag-ingiltere","tag-londra","tag-suriyeli-heykeltiras-rami-vakkaf"],"_links":{"self":[{"href":"https:\/\/archive.sana.sy\/tr\/index.php?rest_route=\/wp\/v2\/posts\/139691","targetHints":{"allow":["GET"]}}],"collection":[{"href":"https:\/\/archive.sana.sy\/tr\/index.php?rest_route=\/wp\/v2\/posts"}],"about":[{"href":"https:\/\/archive.sana.sy\/tr\/index.php?rest_route=\/wp\/v2\/types\/post"}],"author":[{"embeddable":true,"href":"https:\/\/archive.sana.sy\/tr\/index.php?rest_route=\/wp\/v2\/users\/1"}],"replies":[{"embeddable":true,"href":"https:\/\/archive.sana.sy\/tr\/index.php?rest_route=%2Fwp%2Fv2%2Fcomments&post=139691"}],"version-history":[{"count":0,"href":"https:\/\/archive.sana.sy\/tr\/index.php?rest_route=\/wp\/v2\/posts\/139691\/revisions"}],"wp:featuredmedia":[{"embeddable":true,"href":"https:\/\/archive.sana.sy\/tr\/index.php?rest_route=\/wp\/v2\/media\/139698"}],"wp:attachment":[{"href":"https:\/\/archive.sana.sy\/tr\/index.php?rest_route=%2Fwp%2Fv2%2Fmedia&parent=139691"}],"wp:term":[{"taxonomy":"category","embeddable":true,"href":"https:\/\/archive.sana.sy\/tr\/index.php?rest_route=%2Fwp%2Fv2%2Fcategories&post=139691"},{"taxonomy":"post_tag","embeddable":true,"href":"https:\/\/archive.sana.sy\/tr\/index.php?rest_route=%2Fwp%2Fv2%2Ftags&post=139691"}],"curies":[{"name":"wp","href":"https:\/\/api.w.org\/{rel}","templated":true}]}}