{"id":139749,"date":"2018-03-01T11:18:25","date_gmt":"2018-03-01T09:18:25","guid":{"rendered":"https:\/\/www.sana.sy\/tr\/?p=139749"},"modified":"2018-03-01T11:18:25","modified_gmt":"2018-03-01T09:18:25","slug":"sam-emniyet-mudurlugunde-yetkili-bir-kaynak-teror-gruplarinin-samin-bab-el-selam-bolgesini-2-fuzeyle-hedef-almalari-sonucunda-bir-vatandasin-yarali-dustugunu-belirtti","status":"publish","type":"post","link":"https:\/\/archive.sana.sy\/tr\/?p=139749","title":{"rendered":"\u015eam Emniyet M\u00fcd\u00fcrl\u00fc\u011f\u00fcnde yetkili bir kaynak; ter\u00f6r gruplar\u0131n\u0131n \u015eam\u2019\u0131n Bab el Selam B\u00f6lgesini 2 f\u00fczeyle hedef almalar\u0131 sonucunda bir vatanda\u015f\u0131n yaral\u0131 d\u00fc\u015ft\u00fc\u011f\u00fcn\u00fc belirtti"},"content":{"rendered":"<p>\u015eam Emniyet M\u00fcd\u00fcrl\u00fc\u011f\u00fcnde yetkili bir kaynak; ter\u00f6r gruplar\u0131n\u0131n \u015eam\u2019\u0131n Bab el Selam B\u00f6lgesini 2 f\u00fczeyle hedef almalar\u0131 sonucunda bir vatanda\u015f\u0131n yaral\u0131 d\u00fc\u015ft\u00fc\u011f\u00fcn\u00fc belirtti<\/p>\n","protected":false},"excerpt":{"rendered":"<p>\u015eam Emniyet M\u00fcd\u00fcrl\u00fc\u011f\u00fcnde yetkili bir kaynak; ter\u00f6r gruplar\u0131n\u0131n \u015eam\u2019\u0131n Bab el Selam B\u00f6lgesini 2 f\u00fczeyle hedef almalar\u0131 sonucunda bir vatanda\u015f\u0131n yaral\u0131 d\u00fc\u015ft\u00fc\u011f\u00fcn\u00fc belirtti<\/p>\n","protected":false},"author":1,"featured_media":0,"comment_status":"closed","ping_status":"closed","sticky":false,"template":"","format":"standard","meta":{"footnotes":""},"categories":[17991],"tags":[],"class_list":["post-139749","post","type-post","status-publish","format-standard","","category-son-dakika"],"_links":{"self":[{"href":"https:\/\/archive.sana.sy\/tr\/index.php?rest_route=\/wp\/v2\/posts\/139749","targetHints":{"allow":["GET"]}}],"collection":[{"href":"https:\/\/archive.sana.sy\/tr\/index.php?rest_route=\/wp\/v2\/posts"}],"about":[{"href":"https:\/\/archive.sana.sy\/tr\/index.php?rest_route=\/wp\/v2\/types\/post"}],"author":[{"embeddable":true,"href":"https:\/\/archive.sana.sy\/tr\/index.php?rest_route=\/wp\/v2\/users\/1"}],"replies":[{"embeddable":true,"href":"https:\/\/archive.sana.sy\/tr\/index.php?rest_route=%2Fwp%2Fv2%2Fcomments&post=139749"}],"version-history":[{"count":0,"href":"https:\/\/archive.sana.sy\/tr\/index.php?rest_route=\/wp\/v2\/posts\/139749\/revisions"}],"wp:attachment":[{"href":"https:\/\/archive.sana.sy\/tr\/index.php?rest_route=%2Fwp%2Fv2%2Fmedia&parent=139749"}],"wp:term":[{"taxonomy":"category","embeddable":true,"href":"https:\/\/archive.sana.sy\/tr\/index.php?rest_route=%2Fwp%2Fv2%2Fcategories&post=139749"},{"taxonomy":"post_tag","embeddable":true,"href":"https:\/\/archive.sana.sy\/tr\/index.php?rest_route=%2Fwp%2Fv2%2Ftags&post=139749"}],"curies":[{"name":"wp","href":"https:\/\/api.w.org\/{rel}","templated":true}]}}