{"id":139751,"date":"2018-03-01T11:54:30","date_gmt":"2018-03-01T09:54:30","guid":{"rendered":"https:\/\/www.sana.sy\/tr\/?p=139751"},"modified":"2018-03-02T14:41:14","modified_gmt":"2018-03-02T12:41:14","slug":"sivilleri-rehine-alma-ve-cikislarini-engellemeye-devam-ediyorlar","status":"publish","type":"post","link":"https:\/\/archive.sana.sy\/tr\/?p=139751","title":{"rendered":"Sivilleri Rehine Alma ve \u00c7\u0131k\u0131\u015flar\u0131n\u0131 Engellemeye Devam Ediyorlar"},"content":{"rendered":"<p>\u015eAM KIRSALI \u2013 Ba\u015fkent \u015eam k\u0131rsal\u0131 Do\u011fu \u011euta\u2019da ter\u00f6ristlerin rehine al\u0131p canl\u0131 kalkan olarak kulland\u0131klar\u0131 sivil vatanda\u015flar\u0131n temin edilen insani koridordan g\u00fcvenli bir \u015fekilde \u00e7\u0131kmalar\u0131 i\u00e7in bu sabah saat 09:00\u2019da yine operasyonlar durduruldu.<\/p>\n<p>27 \u015eubat tarihinden beri Do\u011fu \u011euta\u2019da her g\u00fcn saat 09:00\u2019dan saat 14:00\u2019a kadar operasyonlar durdurulup Do\u011fu \u011euta\u2019dan \u00e7\u0131kacak sivillere acil t\u0131bbi yard\u0131m yapacak ambulans ara\u00e7lar\u0131 ve onlar\u0131 \u015eam\u2019da ge\u00e7ici ikamet yerlerine aktaracak otob\u00fcsler Vafidin B\u00f6lgesinde bekletiliyor.<\/p>\n<p>SANA muhabiri Do\u011fu \u011euta\u2019da bulunan Nusra Cephesi ve m\u00fcttefikleri di\u011fer ter\u00f6r \u00f6rg\u00fctlerin sivil vatanda\u015flar\u0131 canl\u0131 kalkan olarak kullanmaya devam etmek i\u00e7in bu vatanda\u015flar\u0131n insani koridordan \u00e7\u0131k\u0131\u015flar\u0131n\u0131 engellemeye devam ettiklerini aktard\u0131.<\/p>\n<p>Bu arada radikal ter\u00f6ristler ilan edilen \u00e7at\u0131\u015fmalar\u0131 durdurma durumunu ihlal ederek sivil vatanda\u015flar\u0131n g\u00fcvenli \u00e7\u0131k\u0131\u015flar\u0131 i\u00e7in temin edilen insani koridorun yan\u0131 s\u0131ra \u015eam ve k\u0131rsal\u0131n\u0131n muhtelif b\u00f6lgelerine f\u00fcze sald\u0131r\u0131lar\u0131n\u0131 s\u00fcrd\u00fcr\u00fcyor.<\/p>\n","protected":false},"excerpt":{"rendered":"<p>\u015eAM KIRSALI \u2013 Ba\u015fkent \u015eam k\u0131rsal\u0131 Do\u011fu \u011euta\u2019da ter\u00f6ristlerin rehine al\u0131p canl\u0131 kalkan olarak kulland\u0131klar\u0131 sivil vatanda\u015flar\u0131n temin edilen insani koridordan g\u00fcvenli bir \u015fekilde \u00e7\u0131kmalar\u0131 i\u00e7in bu sabah saat 09:00\u2019da yine operasyonlar durduruldu. 27 \u015eubat tarihinden beri Do\u011fu \u011euta\u2019da her g\u00fcn saat 09:00\u2019dan saat 14:00\u2019a kadar operasyonlar durdurulup Do\u011fu \u011euta\u2019dan \u00e7\u0131kacak sivillere acil t\u0131bbi yard\u0131m &hellip;<\/p>\n","protected":false},"author":1,"featured_media":139752,"comment_status":"closed","ping_status":"closed","sticky":false,"template":"","format":"standard","meta":{"footnotes":""},"categories":[479,17988,478],"tags":[35188,35186,17322,35187,31342,2509],"class_list":["post-139751","post","type-post","status-publish","format-standard","has-post-thumbnail","","category-haberler-yerel","category-son-haberler","category-yerel","tag-0900dan-saat-1400a-kadar-operasyonlar","tag-baskent-sam-kirsali","tag-dogu-guta","tag-rehine-alip-canli-kalkan","tag-sivil-vatandaslarin","tag-teroristlerin"],"_links":{"self":[{"href":"https:\/\/archive.sana.sy\/tr\/index.php?rest_route=\/wp\/v2\/posts\/139751","targetHints":{"allow":["GET"]}}],"collection":[{"href":"https:\/\/archive.sana.sy\/tr\/index.php?rest_route=\/wp\/v2\/posts"}],"about":[{"href":"https:\/\/archive.sana.sy\/tr\/index.php?rest_route=\/wp\/v2\/types\/post"}],"author":[{"embeddable":true,"href":"https:\/\/archive.sana.sy\/tr\/index.php?rest_route=\/wp\/v2\/users\/1"}],"replies":[{"embeddable":true,"href":"https:\/\/archive.sana.sy\/tr\/index.php?rest_route=%2Fwp%2Fv2%2Fcomments&post=139751"}],"version-history":[{"count":0,"href":"https:\/\/archive.sana.sy\/tr\/index.php?rest_route=\/wp\/v2\/posts\/139751\/revisions"}],"wp:featuredmedia":[{"embeddable":true,"href":"https:\/\/archive.sana.sy\/tr\/index.php?rest_route=\/wp\/v2\/media\/139752"}],"wp:attachment":[{"href":"https:\/\/archive.sana.sy\/tr\/index.php?rest_route=%2Fwp%2Fv2%2Fmedia&parent=139751"}],"wp:term":[{"taxonomy":"category","embeddable":true,"href":"https:\/\/archive.sana.sy\/tr\/index.php?rest_route=%2Fwp%2Fv2%2Fcategories&post=139751"},{"taxonomy":"post_tag","embeddable":true,"href":"https:\/\/archive.sana.sy\/tr\/index.php?rest_route=%2Fwp%2Fv2%2Ftags&post=139751"}],"curies":[{"name":"wp","href":"https:\/\/api.w.org\/{rel}","templated":true}]}}