{"id":139861,"date":"2018-03-02T11:57:43","date_gmt":"2018-03-02T09:57:43","guid":{"rendered":"https:\/\/www.sana.sy\/tr\/?p=139861"},"modified":"2018-03-03T15:27:35","modified_gmt":"2018-03-03T13:27:35","slug":"katliam-kurbanlarinin-arasinda-bir-cocuk-var","status":"publish","type":"post","link":"https:\/\/archive.sana.sy\/tr\/?p=139861","title":{"rendered":"Katliam Kurbanlar\u0131n\u0131n Aras\u0131nda Bir \u00c7ocuk Var"},"content":{"rendered":"<p>HASEKE \u2013 Uluslar aras\u0131 kanunlar ve BM misak\u0131na ayk\u0131r\u0131 olarak faaliyet g\u00f6steren ABD komutas\u0131ndaki uluslar aras\u0131 koalisyon g\u00fc\u00e7lerine ait sava\u015f u\u00e7aklar\u0131 Suriyelilere kar\u015f\u0131 katliamlar\u0131n\u0131 s\u00fcrd\u00fcrerek Haseke k\u0131rsal\u0131n\u0131n g\u00fcneydo\u011fusunda yer alan Saffari K\u00f6y\u00fcn\u00fc bombalad\u0131.<\/p>\n<p>Irak s\u0131n\u0131rlar\u0131na yak\u0131n d\u00fc\u015fen k\u00f6yde yerel kaynaklar SANA\u2019ya a\u00e7\u0131klamalar\u0131nda koalisyon u\u00e7aklar\u0131n\u0131n k\u00f6yde sivil evleri bombalad\u0131\u011f\u0131n\u0131 aktard\u0131. Kaynaklar d\u00fc\u015fman sald\u0131r\u0131 sonucunda aralar\u0131nda 1 \u00e7ocu\u011fun bulundu\u011fu 3 sivil vatanda\u015f\u0131n \u015fehit, 2 sivil vatanda\u015f\u0131n da yal\u0131 d\u00fc\u015ft\u00fcklerini ifade ederken, sivillere ait bir\u00e7ok evde b\u00fcy\u00fck hasar meydana geldi\u011fini s\u00f6yledi.<\/p>\n<p>Son on g\u00fcn i\u00e7inde Suriye&#8217;nin do\u011fusunda sivillere kar\u015f\u0131 bombard\u0131manlar\u0131n\u0131 t\u0131rmand\u0131ran ABD koalisyonunun Deyrezzor k\u0131rsal\u0131 Bahra, Zahrat el Alvani ve \u015ea\u011ffa b\u00f6lgelerinde bulunduklar\u0131 katliamlarda en az 69 sivil vatanda\u015f \u015fehit, onlarca vatanda\u015f da yaral\u0131 d\u00fc\u015ft\u00fc.<\/p>\n<p>K.\u00d6.<\/p>\n","protected":false},"excerpt":{"rendered":"<p>HASEKE \u2013 Uluslar aras\u0131 kanunlar ve BM misak\u0131na ayk\u0131r\u0131 olarak faaliyet g\u00f6steren ABD komutas\u0131ndaki uluslar aras\u0131 koalisyon g\u00fc\u00e7lerine ait sava\u015f u\u00e7aklar\u0131 Suriyelilere kar\u015f\u0131 katliamlar\u0131n\u0131 s\u00fcrd\u00fcrerek Haseke k\u0131rsal\u0131n\u0131n g\u00fcneydo\u011fusunda yer alan Saffari K\u00f6y\u00fcn\u00fc bombalad\u0131. Irak s\u0131n\u0131rlar\u0131na yak\u0131n d\u00fc\u015fen k\u00f6yde yerel kaynaklar SANA\u2019ya a\u00e7\u0131klamalar\u0131nda koalisyon u\u00e7aklar\u0131n\u0131n k\u00f6yde sivil evleri bombalad\u0131\u011f\u0131n\u0131 aktard\u0131. Kaynaklar d\u00fc\u015fman sald\u0131r\u0131 sonucunda aralar\u0131nda 1 &hellip;<\/p>\n","protected":false},"author":1,"featured_media":139862,"comment_status":"closed","ping_status":"closed","sticky":false,"template":"","format":"standard","meta":{"footnotes":""},"categories":[479,575,17988,478],"tags":[6434,35207,1140,1978,35206,35209,16591,22181,24034,35208],"class_list":["post-139861","post","type-post","status-publish","format-standard","has-post-thumbnail","","category-haberler-yerel","category-olaylar-ve-gercekler","category-son-haberler","category-yerel","tag-amerika","tag-bahra","tag-haseke","tag-irak","tag-koalisyon-gucleri-katliam-yapmaya-devam-ediyor","tag-sagfa","tag-suriye","tag-suriyeliler","tag-uluslararasi-koalisyon-gucleri","tag-zahrat-el-alvani"],"_links":{"self":[{"href":"https:\/\/archive.sana.sy\/tr\/index.php?rest_route=\/wp\/v2\/posts\/139861","targetHints":{"allow":["GET"]}}],"collection":[{"href":"https:\/\/archive.sana.sy\/tr\/index.php?rest_route=\/wp\/v2\/posts"}],"about":[{"href":"https:\/\/archive.sana.sy\/tr\/index.php?rest_route=\/wp\/v2\/types\/post"}],"author":[{"embeddable":true,"href":"https:\/\/archive.sana.sy\/tr\/index.php?rest_route=\/wp\/v2\/users\/1"}],"replies":[{"embeddable":true,"href":"https:\/\/archive.sana.sy\/tr\/index.php?rest_route=%2Fwp%2Fv2%2Fcomments&post=139861"}],"version-history":[{"count":0,"href":"https:\/\/archive.sana.sy\/tr\/index.php?rest_route=\/wp\/v2\/posts\/139861\/revisions"}],"wp:featuredmedia":[{"embeddable":true,"href":"https:\/\/archive.sana.sy\/tr\/index.php?rest_route=\/wp\/v2\/media\/139862"}],"wp:attachment":[{"href":"https:\/\/archive.sana.sy\/tr\/index.php?rest_route=%2Fwp%2Fv2%2Fmedia&parent=139861"}],"wp:term":[{"taxonomy":"category","embeddable":true,"href":"https:\/\/archive.sana.sy\/tr\/index.php?rest_route=%2Fwp%2Fv2%2Fcategories&post=139861"},{"taxonomy":"post_tag","embeddable":true,"href":"https:\/\/archive.sana.sy\/tr\/index.php?rest_route=%2Fwp%2Fv2%2Ftags&post=139861"}],"curies":[{"name":"wp","href":"https:\/\/api.w.org\/{rel}","templated":true}]}}