{"id":139885,"date":"2018-03-02T11:15:23","date_gmt":"2018-03-02T09:15:23","guid":{"rendered":"https:\/\/www.sana.sy\/tr\/?p=139885"},"modified":"2018-03-03T15:27:39","modified_gmt":"2018-03-03T13:27:39","slug":"dogu-gutada-radikal-teroristlere-karsi-operasyon-kacinilmaz","status":"publish","type":"post","link":"https:\/\/archive.sana.sy\/tr\/?p=139885","title":{"rendered":"Do\u011fu \u011euta\u2019da radikal Ter\u00f6ristlere Kar\u015f\u0131 Operasyon Ka\u00e7\u0131n\u0131lmaz"},"content":{"rendered":"<p>MOSKOVA \u2013 Rusya D\u0131\u015fi\u015fleri Bakanl\u0131\u011f\u0131 S\u00f6zc\u00fcs\u00fc Maria Zakharova; uluslar aras\u0131 kanunlr ve BM misak\u0131na ayk\u0131r\u0131 olarak ABD komutas\u0131nda te\u015fkil edilen uluslar aras\u0131 koalisyon g\u00fc\u00e7lerinin Rakka Kentini yerle bir ettiklerine dikkat \u00e7ekerken, orada insani koridorlar\u0131n temin edilmesine ili\u015fkin t\u00fcm \u00e7a\u011fr\u0131lar\u0131n \u015fu ana dek dikkate al\u0131nmad\u0131klar\u0131n\u0131 vurgulad\u0131.<\/p>\n<p>Moskova\u2019da bug\u00fcn bas\u0131n toplant\u0131s\u0131 d\u00fczenleyen Zakharova; ABD komutas\u0131ndaki uluslar aras\u0131 koalisyon g\u00fc\u00e7lerinin Suriye&#8217;de BM misak\u0131n\u0131n yan\u0131 s\u0131ra uluslar aras\u0131 kanunlar ve kararlara a\u00e7\u0131k ihlal te\u015fkil eden davran\u0131\u015flar\u0131n\u0131n Moskova\u2019da derin endi\u015feye yol a\u00e7t\u0131\u011f\u0131n\u0131 ifade etti.<\/p>\n<p>Zakharova; uluslar aras\u0131 kurum ve \u00f6rg\u00fctlerin ABD koalisyonu taraf\u0131ndan yerle bir edilmesi ard\u0131ndan hayalet \u015fehre d\u00f6nen Rakka Kentindeki insani durumlara ald\u0131rmad\u0131\u011f\u0131n\u0131 kaydetti.<\/p>\n<p>ABD g\u00fc\u00e7lerinin Suriye&#8217;nin Tenf B\u00f6lgesinde bulunmalar\u0131n\u0131n tamamen uluslar aras\u0131 kanunlara ayk\u0131r\u0131 oldu\u011funu bir kez daha belirten Zakharova; bu b\u00f6lgenin I\u015e\u0130D dahil radikal ter\u00f6ristlerin cirit att\u0131klar\u0131 ve korunduklar\u0131 kara nokta haline geldi\u011fine i\u015faret etti.<\/p>\n<p>Do\u011fu \u011euta\u2019daki durum konusunda ise Zakharova; \u015eam ve k\u0131rsal\u0131nda yerle\u015fim alanlar\u0131n\u0131 geli\u015fig\u00fczel f\u00fczelerle hedef alan, sivil vatanda\u015flar\u0131 rehine al\u0131p canl\u0131 kalkan olarak kullanan radikal ter\u00f6ristlere kar\u015f\u0131 operasyonun ka\u00e7\u0131n\u0131lmaz oldu\u011funun alt\u0131n\u0131 \u00e7izdi.<\/p>\n<p>Bir k\u0131s\u0131m devletlerin daha \u00f6nce \u015fu an Do\u011fu \u011euta i\u00e7in y\u00fcr\u00fctt\u00fckleri hamlelere benzer hamleleri Halep i\u00e7in y\u00fcr\u00fctt\u00fcklerine dikkat \u00e7eken Zakharova; Halep\u2019in radikal ter\u00f6rden kurtar\u0131lmas\u0131 ard\u0131ndan y\u00fcz binlerce masum sivil insan\u0131n evlerine ve i\u015flerine d\u00f6nd\u00fcklerine vurgu yapt\u0131.<\/p>\n<p>Zakharova Suriye ordusunun kimyasal silah kulland\u0131\u011f\u0131 y\u00f6n\u00fcndeki su\u00e7lamalar konusunda ise bu konuda \u00f6ne s\u00fcr\u00fclen t\u00fcm iddialar\u0131n kan\u0131t ya da herhangi bir ger\u00e7eklik pay\u0131ndan yoksun as\u0131ls\u0131z ithamlar oldu\u011funun alt\u0131n\u0131 \u00e7izdi.<\/p>\n<p>I\u015e\u0130D ve daha ba\u015fka radikal ter\u00f6r \u00f6rg\u00fctlerin yuvalar\u0131nda ele ge\u00e7irilen \u0130srail ve daha ba\u015fka uluslar aras\u0131 taraflara ait silah ve m\u00fchimmata dikkat \u00e7eken Zakharova; bir k\u0131s\u0131m taraflar\u0131n Suriye&#8217;de radikal ter\u00f6re desteklerine i\u015faret etti.<\/p>\n<p>\u00d6te yandan Rusya D\u0131\u015fi\u015fleri Bakanl\u0131\u011f\u0131 S\u00f6zc\u00fcs\u00fc Zakharova, D\u0131\u015fi\u015fleri Bakan\u0131 Sergey Lavrov ve T\u00fcrkiye D\u0131\u015fi\u015fleri Bakan\u0131 Mevl\u00fct \u00c7avu\u015fo\u011flu&#8217;nun kat\u0131l\u0131m\u0131yla 14 Mart&#8217;ta Moskova&#8217;da T\u00fcrk-Rus Ortak Stratejik Planlama Grubu toplant\u0131s\u0131 yap\u0131laca\u011f\u0131n\u0131 a\u00e7\u0131klad\u0131.<\/p>\n<p>Zakharova, Lavrov ve \u00c7avu\u015fo\u011flu&#8217;nun ikili g\u00fcndemdeki \u00f6nemli konular\u0131, anla\u015fmalar\u0131n durumunu ele alaca\u011f\u0131n\u0131 da belirtirken, &#8220;G\u00f6r\u00fc\u015fmeler s\u0131ras\u0131nda bakanlar, ikili ili\u015fkileri, T\u00fcrk Ak\u0131m\u0131 do\u011falgaz boru hatt\u0131 ve Akkuyu N\u00fckleer Santrali gibi enerji alan\u0131ndaki projeleri masaya yat\u0131racak. Taraflar, Suriye&#8217;deki durumu ve So\u00e7i&#8217;deki Suriye Ulusal Diyalog Kongresi&#8217;ni de konu\u015facak&#8221; ifadelerini kulland\u0131.<\/p>\n<p>K.\u00d6.<\/p>\n","protected":false},"excerpt":{"rendered":"<p>MOSKOVA \u2013 Rusya D\u0131\u015fi\u015fleri Bakanl\u0131\u011f\u0131 S\u00f6zc\u00fcs\u00fc Maria Zakharova; uluslar aras\u0131 kanunlr ve BM misak\u0131na ayk\u0131r\u0131 olarak ABD komutas\u0131nda te\u015fkil edilen uluslar aras\u0131 koalisyon g\u00fc\u00e7lerinin Rakka Kentini yerle bir ettiklerine dikkat \u00e7ekerken, orada insani koridorlar\u0131n temin edilmesine ili\u015fkin t\u00fcm \u00e7a\u011fr\u0131lar\u0131n \u015fu ana dek dikkate al\u0131nmad\u0131klar\u0131n\u0131 vurgulad\u0131. Moskova\u2019da bug\u00fcn bas\u0131n toplant\u0131s\u0131 d\u00fczenleyen Zakharova; ABD komutas\u0131ndaki uluslar aras\u0131 &hellip;<\/p>\n","protected":false},"author":1,"featured_media":139886,"comment_status":"closed","ping_status":"closed","sticky":false,"template":"","format":"standard","meta":{"footnotes":""},"categories":[458,459,17988],"tags":[17322,1132,17036,35222,33373,16591,22181,22171],"class_list":["post-139885","post","type-post","status-publish","format-standard","has-post-thumbnail","","category-dunya1","category-haberler-arap-uluslararasi-politika","category-son-haberler","tag-dogu-guta","tag-halep","tag-moskova","tag-rusya-disisleri-bakanligi-sozcusu-maria-zakharov","tag-soci","tag-suriye","tag-suriyeliler","tag-turkiye-disisleri-bakani-mevlut-cavusoglu"],"_links":{"self":[{"href":"https:\/\/archive.sana.sy\/tr\/index.php?rest_route=\/wp\/v2\/posts\/139885","targetHints":{"allow":["GET"]}}],"collection":[{"href":"https:\/\/archive.sana.sy\/tr\/index.php?rest_route=\/wp\/v2\/posts"}],"about":[{"href":"https:\/\/archive.sana.sy\/tr\/index.php?rest_route=\/wp\/v2\/types\/post"}],"author":[{"embeddable":true,"href":"https:\/\/archive.sana.sy\/tr\/index.php?rest_route=\/wp\/v2\/users\/1"}],"replies":[{"embeddable":true,"href":"https:\/\/archive.sana.sy\/tr\/index.php?rest_route=%2Fwp%2Fv2%2Fcomments&post=139885"}],"version-history":[{"count":0,"href":"https:\/\/archive.sana.sy\/tr\/index.php?rest_route=\/wp\/v2\/posts\/139885\/revisions"}],"wp:featuredmedia":[{"embeddable":true,"href":"https:\/\/archive.sana.sy\/tr\/index.php?rest_route=\/wp\/v2\/media\/139886"}],"wp:attachment":[{"href":"https:\/\/archive.sana.sy\/tr\/index.php?rest_route=%2Fwp%2Fv2%2Fmedia&parent=139885"}],"wp:term":[{"taxonomy":"category","embeddable":true,"href":"https:\/\/archive.sana.sy\/tr\/index.php?rest_route=%2Fwp%2Fv2%2Fcategories&post=139885"},{"taxonomy":"post_tag","embeddable":true,"href":"https:\/\/archive.sana.sy\/tr\/index.php?rest_route=%2Fwp%2Fv2%2Ftags&post=139885"}],"curies":[{"name":"wp","href":"https:\/\/api.w.org\/{rel}","templated":true}]}}