{"id":139888,"date":"2018-03-02T15:09:59","date_gmt":"2018-03-02T13:09:59","guid":{"rendered":"https:\/\/www.sana.sy\/tr\/?p=139888"},"modified":"2018-03-03T15:26:04","modified_gmt":"2018-03-03T13:26:04","slug":"teroristlerin-halep-kirsalinda-kacirdiklari-9-kisi-kurtarildi","status":"publish","type":"post","link":"https:\/\/archive.sana.sy\/tr\/?p=139888","title":{"rendered":"Ter\u00f6ristlerin Halep K\u0131rsal\u0131nda Ka\u00e7\u0131rd\u0131klar\u0131 9 Ki\u015fi Kurtar\u0131ld\u0131"},"content":{"rendered":"<p>HALEP \u2013 Halep k\u0131rsal\u0131n\u0131n kuzeydo\u011fusu Tadef ve civar\u0131ndaki b\u00f6lgelerde radikal ter\u00f6r \u00f6rg\u00fctlerin ka\u00e7\u0131rd\u0131klar\u0131 sivil ve askerlerden ibaret 9 ki\u015fi kurtar\u0131l\u0131p sa\u011f salim ailelerine d\u00f6nmeleri temin edildi.<\/p>\n<p>Baas Partisi Halep \u0130l Ba\u015fkan\u0131 Faz\u0131l Neccar kurtar\u0131lan vatanda\u015flar\u0131 parti merkezinde kabul ederek, vatan koruyucular\u0131m\u0131z\u0131n ter\u00f6re kar\u015f\u0131 ba\u015far\u0131lar\u0131 neticesinde ailelerine sa\u011f salim d\u00f6nmelerini kutlad\u0131.<\/p>\n<p>Neccar ter\u00f6r \u00f6rg\u00fctleri ve i\u015fverenlerine kar\u015f\u0131 nihai \u015fanl\u0131 zaferin yak\u0131n oldu\u011funu ifade ederken, ter\u00f6r \u00f6rg\u00fctleri taraf\u0131ndan ka\u00e7\u0131r\u0131l\u0131p rehine al\u0131nan t\u00fcm Suriyelilerin kurtar\u0131laca\u011f\u0131 g\u00fcn\u00fcn gelece\u011fini s\u00f6yledi.<\/p>\n<p>Kurtar\u0131lan ki\u015filer SANA muhabirine a\u00e7\u0131klamalar\u0131nda; radikal ter\u00f6ristlerin kendilerini Bab B\u00f6lgesinin \u015eeyh Yakup M\u0131nt\u0131kas\u0131nda rehine tuttuklar\u0131n\u0131 belirtti. Ailelerine sa\u011f salim d\u00f6nmenin mutlulu\u011funu ifade eden vatanda\u015flar; ter\u00f6r \u00f6rg\u00fctleri taraf\u0131ndan maruz kald\u0131klar\u0131 insanl\u0131k d\u0131\u015f\u0131 i\u015fkence ve psikolojik bask\u0131lara i\u015faret ettiler.<\/p>\n<div id='gallery-1' class='gallery galleryid-139888 gallery-columns-3 gallery-size-thumbnail'><figure class='gallery-item'>\n\t\t\t<div class='gallery-icon landscape'>\n\t\t\t\t<a href='https:\/\/archive.sana.sy\/tr\/wp-content\/uploads\/2018\/03\/Halep.jpg-6.jpg'><img loading=\"lazy\" decoding=\"async\" width=\"150\" height=\"100\" src=\"https:\/\/archive.sana.sy\/tr\/wp-content\/uploads\/2018\/03\/Halep.jpg-6-150x100.jpg\" class=\"attachment-thumbnail size-thumbnail\" alt=\"\" srcset=\"https:\/\/archive.sana.sy\/tr\/wp-content\/uploads\/2018\/03\/Halep.jpg-6-150x100.jpg 150w, https:\/\/archive.sana.sy\/tr\/wp-content\/uploads\/2018\/03\/Halep.jpg-6-300x200.jpg 300w, https:\/\/archive.sana.sy\/tr\/wp-content\/uploads\/2018\/03\/Halep.jpg-6-768x512.jpg 768w, https:\/\/archive.sana.sy\/tr\/wp-content\/uploads\/2018\/03\/Halep.jpg-6-1024x683.jpg 1024w, https:\/\/archive.sana.sy\/tr\/wp-content\/uploads\/2018\/03\/Halep.jpg-6-310x205.jpg 310w\" sizes=\"auto, (max-width: 150px) 100vw, 150px\" \/><\/a>\n\t\t\t<\/div><\/figure><figure class='gallery-item'>\n\t\t\t<div class='gallery-icon landscape'>\n\t\t\t\t<a href='https:\/\/archive.sana.sy\/tr\/wp-content\/uploads\/2018\/03\/Halep.jpg'><img loading=\"lazy\" decoding=\"async\" width=\"150\" height=\"75\" src=\"https:\/\/archive.sana.sy\/tr\/wp-content\/uploads\/2018\/03\/Halep-150x75.jpg\" class=\"attachment-thumbnail size-thumbnail\" alt=\"\" srcset=\"https:\/\/archive.sana.sy\/tr\/wp-content\/uploads\/2018\/03\/Halep-150x75.jpg 150w, https:\/\/archive.sana.sy\/tr\/wp-content\/uploads\/2018\/03\/Halep-300x150.jpg 300w, https:\/\/archive.sana.sy\/tr\/wp-content\/uploads\/2018\/03\/Halep.jpg 660w\" sizes=\"auto, (max-width: 150px) 100vw, 150px\" \/><\/a>\n\t\t\t<\/div><\/figure><figure class='gallery-item'>\n\t\t\t<div class='gallery-icon landscape'>\n\t\t\t\t<a href='https:\/\/archive.sana.sy\/tr\/wp-content\/uploads\/2018\/03\/Halep.jpg-1.jpg'><img loading=\"lazy\" decoding=\"async\" width=\"150\" height=\"84\" src=\"https:\/\/archive.sana.sy\/tr\/wp-content\/uploads\/2018\/03\/Halep.jpg-1-150x84.jpg\" class=\"attachment-thumbnail size-thumbnail\" alt=\"\" srcset=\"https:\/\/archive.sana.sy\/tr\/wp-content\/uploads\/2018\/03\/Halep.jpg-1-150x84.jpg 150w, https:\/\/archive.sana.sy\/tr\/wp-content\/uploads\/2018\/03\/Halep.jpg-1-300x168.jpg 300w, https:\/\/archive.sana.sy\/tr\/wp-content\/uploads\/2018\/03\/Halep.jpg-1.jpg 660w\" sizes=\"auto, (max-width: 150px) 100vw, 150px\" \/><\/a>\n\t\t\t<\/div><\/figure><figure class='gallery-item'>\n\t\t\t<div class='gallery-icon landscape'>\n\t\t\t\t<a href='https:\/\/archive.sana.sy\/tr\/wp-content\/uploads\/2018\/03\/Halep.jpg-2.jpg'><img loading=\"lazy\" decoding=\"async\" width=\"150\" height=\"84\" src=\"https:\/\/archive.sana.sy\/tr\/wp-content\/uploads\/2018\/03\/Halep.jpg-2-150x84.jpg\" class=\"attachment-thumbnail size-thumbnail\" alt=\"\" srcset=\"https:\/\/archive.sana.sy\/tr\/wp-content\/uploads\/2018\/03\/Halep.jpg-2-150x84.jpg 150w, https:\/\/archive.sana.sy\/tr\/wp-content\/uploads\/2018\/03\/Halep.jpg-2-300x168.jpg 300w, https:\/\/archive.sana.sy\/tr\/wp-content\/uploads\/2018\/03\/Halep.jpg-2.jpg 660w\" sizes=\"auto, (max-width: 150px) 100vw, 150px\" \/><\/a>\n\t\t\t<\/div><\/figure><figure class='gallery-item'>\n\t\t\t<div class='gallery-icon landscape'>\n\t\t\t\t<a href='https:\/\/archive.sana.sy\/tr\/wp-content\/uploads\/2018\/03\/Halep.jpg-3.jpg'><img loading=\"lazy\" decoding=\"async\" width=\"150\" height=\"100\" src=\"https:\/\/archive.sana.sy\/tr\/wp-content\/uploads\/2018\/03\/Halep.jpg-3-150x100.jpg\" class=\"attachment-thumbnail size-thumbnail\" alt=\"\" srcset=\"https:\/\/archive.sana.sy\/tr\/wp-content\/uploads\/2018\/03\/Halep.jpg-3-150x100.jpg 150w, https:\/\/archive.sana.sy\/tr\/wp-content\/uploads\/2018\/03\/Halep.jpg-3-300x200.jpg 300w, https:\/\/archive.sana.sy\/tr\/wp-content\/uploads\/2018\/03\/Halep.jpg-3-768x512.jpg 768w, https:\/\/archive.sana.sy\/tr\/wp-content\/uploads\/2018\/03\/Halep.jpg-3-1024x683.jpg 1024w, https:\/\/archive.sana.sy\/tr\/wp-content\/uploads\/2018\/03\/Halep.jpg-3-310x205.jpg 310w\" sizes=\"auto, (max-width: 150px) 100vw, 150px\" \/><\/a>\n\t\t\t<\/div><\/figure><figure class='gallery-item'>\n\t\t\t<div class='gallery-icon landscape'>\n\t\t\t\t<a href='https:\/\/archive.sana.sy\/tr\/wp-content\/uploads\/2018\/03\/Halep.jpg-4.jpg'><img loading=\"lazy\" decoding=\"async\" width=\"150\" height=\"100\" src=\"https:\/\/archive.sana.sy\/tr\/wp-content\/uploads\/2018\/03\/Halep.jpg-4-150x100.jpg\" class=\"attachment-thumbnail size-thumbnail\" alt=\"\" srcset=\"https:\/\/archive.sana.sy\/tr\/wp-content\/uploads\/2018\/03\/Halep.jpg-4-150x100.jpg 150w, https:\/\/archive.sana.sy\/tr\/wp-content\/uploads\/2018\/03\/Halep.jpg-4-300x200.jpg 300w, https:\/\/archive.sana.sy\/tr\/wp-content\/uploads\/2018\/03\/Halep.jpg-4-768x512.jpg 768w, https:\/\/archive.sana.sy\/tr\/wp-content\/uploads\/2018\/03\/Halep.jpg-4-1024x682.jpg 1024w, https:\/\/archive.sana.sy\/tr\/wp-content\/uploads\/2018\/03\/Halep.jpg-4-310x205.jpg 310w\" sizes=\"auto, (max-width: 150px) 100vw, 150px\" \/><\/a>\n\t\t\t<\/div><\/figure>\n\t\t<\/div>\n\n","protected":false},"excerpt":{"rendered":"<p>HALEP \u2013 Halep k\u0131rsal\u0131n\u0131n kuzeydo\u011fusu Tadef ve civar\u0131ndaki b\u00f6lgelerde radikal ter\u00f6r \u00f6rg\u00fctlerin ka\u00e7\u0131rd\u0131klar\u0131 sivil ve askerlerden ibaret 9 ki\u015fi kurtar\u0131l\u0131p sa\u011f salim ailelerine d\u00f6nmeleri temin edildi. Baas Partisi Halep \u0130l Ba\u015fkan\u0131 Faz\u0131l Neccar kurtar\u0131lan vatanda\u015flar\u0131 parti merkezinde kabul ederek, vatan koruyucular\u0131m\u0131z\u0131n ter\u00f6re kar\u015f\u0131 ba\u015far\u0131lar\u0131 neticesinde ailelerine sa\u011f salim d\u00f6nmelerini kutlad\u0131. Neccar ter\u00f6r \u00f6rg\u00fctleri ve i\u015fverenlerine &hellip;<\/p>\n","protected":false},"author":1,"featured_media":139894,"comment_status":"closed","ping_status":"closed","sticky":false,"template":"","format":"standard","meta":{"footnotes":""},"categories":[596,479,575,17988,478],"tags":[35226,35223,35225,35227,6209,35224,7657],"class_list":["post-139888","post","type-post","status-publish","format-standard","has-post-thumbnail","","category-fotografli-raporlar","category-haberler-yerel","category-olaylar-ve-gercekler","category-son-haberler","category-yerel","tag-9-kisi","tag-halep-kirsalinin-kuzeydogusu","tag-radikal-teror-orgutlerin","tag-sag-salim","tag-suriyelilerin","tag-tadef","tag-teror-orgutleri"],"_links":{"self":[{"href":"https:\/\/archive.sana.sy\/tr\/index.php?rest_route=\/wp\/v2\/posts\/139888","targetHints":{"allow":["GET"]}}],"collection":[{"href":"https:\/\/archive.sana.sy\/tr\/index.php?rest_route=\/wp\/v2\/posts"}],"about":[{"href":"https:\/\/archive.sana.sy\/tr\/index.php?rest_route=\/wp\/v2\/types\/post"}],"author":[{"embeddable":true,"href":"https:\/\/archive.sana.sy\/tr\/index.php?rest_route=\/wp\/v2\/users\/1"}],"replies":[{"embeddable":true,"href":"https:\/\/archive.sana.sy\/tr\/index.php?rest_route=%2Fwp%2Fv2%2Fcomments&post=139888"}],"version-history":[{"count":0,"href":"https:\/\/archive.sana.sy\/tr\/index.php?rest_route=\/wp\/v2\/posts\/139888\/revisions"}],"wp:featuredmedia":[{"embeddable":true,"href":"https:\/\/archive.sana.sy\/tr\/index.php?rest_route=\/wp\/v2\/media\/139894"}],"wp:attachment":[{"href":"https:\/\/archive.sana.sy\/tr\/index.php?rest_route=%2Fwp%2Fv2%2Fmedia&parent=139888"}],"wp:term":[{"taxonomy":"category","embeddable":true,"href":"https:\/\/archive.sana.sy\/tr\/index.php?rest_route=%2Fwp%2Fv2%2Fcategories&post=139888"},{"taxonomy":"post_tag","embeddable":true,"href":"https:\/\/archive.sana.sy\/tr\/index.php?rest_route=%2Fwp%2Fv2%2Ftags&post=139888"}],"curies":[{"name":"wp","href":"https:\/\/api.w.org\/{rel}","templated":true}]}}