{"id":139896,"date":"2018-03-02T15:16:15","date_gmt":"2018-03-02T13:16:15","guid":{"rendered":"https:\/\/www.sana.sy\/tr\/?p=139896"},"modified":"2018-03-02T15:16:15","modified_gmt":"2018-03-02T13:16:15","slug":"sam-cevre-kent-il-emniyet-mudurlugunde-yetkili-bir-kaynak-kaide-orgutunun-suriye-kolu-nusra-cephesi-ve-muttefikleri-diger-teror-orgutlere-tabi-teroristlerin-sam-kirsalinin-harestadaki-esad-b","status":"publish","type":"post","link":"https:\/\/archive.sana.sy\/tr\/?p=139896","title":{"rendered":"\u015eam \u00c7evre Kent \u0130l Emniyet M\u00fcd\u00fcrl\u00fc\u011f\u00fcnde yetkili bir kaynak; Kaide \u00d6rg\u00fct\u00fcn\u00fcn Suriye kolu Nusra Cephesi ve m\u00fcttefikleri di\u011fer ter\u00f6r \u00f6rg\u00fctlere tabi ter\u00f6ristlerin \u015eam k\u0131rsal\u0131n\u0131n Haresta\u2019daki Esad Banliy\u00f6s\u00fcn\u00fc f\u00fczelerle hedef almalar\u0131 sonucunda 3 \u00e7ocu\u011fun yaraland\u0131\u011f\u0131n\u0131 ifade etti \u200f"},"content":{"rendered":"<p>\u015eam \u00c7evre Kent \u0130l Emniyet M\u00fcd\u00fcrl\u00fc\u011f\u00fcnde yetkili bir kaynak; Kaide \u00d6rg\u00fct\u00fcn\u00fcn Suriye kolu Nusra Cephesi ve m\u00fcttefikleri di\u011fer ter\u00f6r \u00f6rg\u00fctlere tabi ter\u00f6ristlerin \u015eam k\u0131rsal\u0131n\u0131n Haresta\u2019daki Esad Banliy\u00f6s\u00fcn\u00fc f\u00fczelerle hedef almalar\u0131 sonucunda 3 \u00e7ocu\u011fun yaraland\u0131\u011f\u0131n\u0131 ifade etti \u200f<\/p>\n","protected":false},"excerpt":{"rendered":"<p>\u015eam \u00c7evre Kent \u0130l Emniyet M\u00fcd\u00fcrl\u00fc\u011f\u00fcnde yetkili bir kaynak; Kaide \u00d6rg\u00fct\u00fcn\u00fcn Suriye kolu Nusra Cephesi ve m\u00fcttefikleri di\u011fer ter\u00f6r \u00f6rg\u00fctlere tabi ter\u00f6ristlerin \u015eam k\u0131rsal\u0131n\u0131n Haresta\u2019daki Esad Banliy\u00f6s\u00fcn\u00fc f\u00fczelerle hedef almalar\u0131 sonucunda 3 \u00e7ocu\u011fun yaraland\u0131\u011f\u0131n\u0131 ifade etti \u200f<\/p>\n","protected":false},"author":1,"featured_media":0,"comment_status":"closed","ping_status":"closed","sticky":false,"template":"","format":"standard","meta":{"footnotes":""},"categories":[17991],"tags":[],"class_list":["post-139896","post","type-post","status-publish","format-standard","","category-son-dakika"],"_links":{"self":[{"href":"https:\/\/archive.sana.sy\/tr\/index.php?rest_route=\/wp\/v2\/posts\/139896","targetHints":{"allow":["GET"]}}],"collection":[{"href":"https:\/\/archive.sana.sy\/tr\/index.php?rest_route=\/wp\/v2\/posts"}],"about":[{"href":"https:\/\/archive.sana.sy\/tr\/index.php?rest_route=\/wp\/v2\/types\/post"}],"author":[{"embeddable":true,"href":"https:\/\/archive.sana.sy\/tr\/index.php?rest_route=\/wp\/v2\/users\/1"}],"replies":[{"embeddable":true,"href":"https:\/\/archive.sana.sy\/tr\/index.php?rest_route=%2Fwp%2Fv2%2Fcomments&post=139896"}],"version-history":[{"count":0,"href":"https:\/\/archive.sana.sy\/tr\/index.php?rest_route=\/wp\/v2\/posts\/139896\/revisions"}],"wp:attachment":[{"href":"https:\/\/archive.sana.sy\/tr\/index.php?rest_route=%2Fwp%2Fv2%2Fmedia&parent=139896"}],"wp:term":[{"taxonomy":"category","embeddable":true,"href":"https:\/\/archive.sana.sy\/tr\/index.php?rest_route=%2Fwp%2Fv2%2Fcategories&post=139896"},{"taxonomy":"post_tag","embeddable":true,"href":"https:\/\/archive.sana.sy\/tr\/index.php?rest_route=%2Fwp%2Fv2%2Ftags&post=139896"}],"curies":[{"name":"wp","href":"https:\/\/api.w.org\/{rel}","templated":true}]}}