{"id":139899,"date":"2018-03-02T15:28:11","date_gmt":"2018-03-02T13:28:11","guid":{"rendered":"https:\/\/www.sana.sy\/tr\/?p=139899"},"modified":"2018-03-03T15:25:42","modified_gmt":"2018-03-03T13:25:42","slug":"yuzlerce-sehit-ve-yaralinin-gormezden-gelinmeleri-kabul-edilemez","status":"publish","type":"post","link":"https:\/\/archive.sana.sy\/tr\/?p=139899","title":{"rendered":"Y\u00fczlerce \u015eehit ve Yaral\u0131n\u0131n G\u00f6rmezden Gelinmeleri Kabul Edilemez"},"content":{"rendered":"<p>\u015eAM \u2013 Antakya ve T\u00fcm Do\u011fu S\u00fcryani Ortodokslar Patri\u011fi D\u00fcnya S\u00fcryani Ortodoks Kilisesi Y\u00fcksek Ba\u015fkan\u0131 Mar Ignatios II. Afram, D\u00fcnya Kiliseler Konseyinin (World Council of Churches, WCC) Suriye konusunda yay\u0131nlad\u0131\u011f\u0131 beyan\u0131n politikle\u015ftirildi\u011fini, dakiklik ve ger\u00e7eklikten de yoksun oldu\u011funu belirtti.<\/p>\n<p>Patrik II: Afram Cenevre\u2019de WCC Genel Sekreteri Olav Fikse T\u0131veyt&#8217;a g\u00f6nderdi\u011fi mesajda; WCC\u2019nin 26 \u015eubat tarihinde Suriye konusunda yay\u0131nlad\u0131\u011f\u0131 beyana cevap verdi.<\/p>\n<p>WCC\u2019nin b\u00f6yle bir beyan yay\u0131nlamas\u0131na \u015fa\u015f\u0131rd\u0131\u011f\u0131n\u0131 ifade eden Patrik II: Afram; \u015eam k\u0131rsal\u0131 Do\u011fu \u011euta\u2019da sivillerin \u00f6ld\u00fc\u011f\u00fcn\u00fcn iddia edilirken, Do\u011fu \u011euta\u2019da bulunan radikal ter\u00f6ristlerin g\u00fcn\u00fc birlik olarak Ba\u015fkent \u015eam ve k\u0131rsal\u0131n\u0131 f\u00fcze ya\u011fmuruna tutmalar\u0131n\u0131n dikkate al\u0131nmamas\u0131n\u0131n \u015fok edici bir durum oldu\u011funu kaydetti. Patrik II: Afram Do\u011fu \u011euta\u2019da bulunan radikal ter\u00f6ristlerin sivil yerle\u015fim alanlar\u0131n\u0131 f\u00fcze ya\u011fmuruna tutmalar\u0131 sonucunda aralar\u0131nda \u00e7ocuk ve kad\u0131nlar\u0131n bulundu\u011fu y\u00fczlerce sivil vatanda\u015f\u0131n \u015fehit ve yaral\u0131 d\u00fc\u015fmelerinin g\u00f6rmezden gelinmesinin kabul edilemez oldu\u011funu vurgulad\u0131.<\/p>\n<p>WCC\u2019nin beyan\u0131n\u0131n genel olarak Suriye, \u00f6zel olarak da \u015eam\u2019da ya\u015fanan durumlar konusunda tarafl\u0131 bir tutum sergiledi\u011finin alt\u0131n\u0131 \u00e7izen D\u00fcnya S\u00fcryani Kilisesi Y\u00fcksek Ba\u015fkan\u0131 Patrik II: Afram; bu beyan\u0131n politika ve tarafl\u0131 tutumlardan uzak olmas\u0131 gere\u011fine vurgu yapt\u0131. Patrik II: Afram WCC\u2019nin Suriye konusunda ya\u015fananlar hakk\u0131nda bilgilerinin politikle\u015ftirilmi\u015f oldu\u011funu, dakiklik ve ger\u00e7eklikten de yoksun oldu\u011fun kaydetti.<\/p>\n<p>Patrik II: Afram Suriye&#8217;deki t\u00fcm kiliselerin her zaman oldu\u011fu gibi t\u00fcm Suriyelilerin hizmetine g\u00f6rev yapt\u0131\u011f\u0131n\u0131n alt\u0131n\u0131 \u00e7izerken, zor ko\u015fullar ve ter\u00f6r sald\u0131r\u0131lar\u0131na ra\u011fmen bu insani g\u00f6revini s\u00fcrd\u00fcrd\u00fcklerini belirtti.<\/p>\n<p>Mesaj\u0131n\u0131n sonunda Suriye ve halk\u0131na y\u00f6nelik muhtelif y\u00f6nl\u00fc bu sava\u015f\u0131n en k\u0131sa s\u00fcrede sona ermesi temennilerini ifade eden Patrik II: Afram; Suriyelilerin g\u00fcvenlik ve istikrara kavu\u015fup vatanlar\u0131n\u0131 ve evlatlar\u0131n\u0131n geleceklerini kendi elleriyle yap\u0131land\u0131rmalar\u0131 umudunu kaydetti.<\/p>\n","protected":false},"excerpt":{"rendered":"<p>\u015eAM \u2013 Antakya ve T\u00fcm Do\u011fu S\u00fcryani Ortodokslar Patri\u011fi D\u00fcnya S\u00fcryani Ortodoks Kilisesi Y\u00fcksek Ba\u015fkan\u0131 Mar Ignatios II. Afram, D\u00fcnya Kiliseler Konseyinin (World Council of Churches, WCC) Suriye konusunda yay\u0131nlad\u0131\u011f\u0131 beyan\u0131n politikle\u015ftirildi\u011fini, dakiklik ve ger\u00e7eklikten de yoksun oldu\u011funu belirtti. Patrik II: Afram Cenevre\u2019de WCC Genel Sekreteri Olav Fikse T\u0131veyt&#8217;a g\u00f6nderdi\u011fi mesajda; WCC\u2019nin 26 \u015eubat tarihinde &hellip;<\/p>\n","protected":false},"author":1,"featured_media":139908,"comment_status":"closed","ping_status":"closed","sticky":false,"template":"","format":"standard","meta":{"footnotes":""},"categories":[479,17988,478],"tags":[35231,20395,35228,20397,35230,16591,35229],"class_list":["post-139899","post","type-post","status-publish","format-standard","has-post-thumbnail","","category-haberler-yerel","category-son-haberler","category-yerel","tag-26-subat-tarihinde","tag-antakya-ve-tum-dogu-suryani-ortodokslar-patrigi","tag-dunya-suryani-ortodoks-kilisesi-yuksek-baskan","tag-mar-ignatios-ii-afram","tag-olav-fikse-tiveyt","tag-suriye","tag-wcc"],"_links":{"self":[{"href":"https:\/\/archive.sana.sy\/tr\/index.php?rest_route=\/wp\/v2\/posts\/139899","targetHints":{"allow":["GET"]}}],"collection":[{"href":"https:\/\/archive.sana.sy\/tr\/index.php?rest_route=\/wp\/v2\/posts"}],"about":[{"href":"https:\/\/archive.sana.sy\/tr\/index.php?rest_route=\/wp\/v2\/types\/post"}],"author":[{"embeddable":true,"href":"https:\/\/archive.sana.sy\/tr\/index.php?rest_route=\/wp\/v2\/users\/1"}],"replies":[{"embeddable":true,"href":"https:\/\/archive.sana.sy\/tr\/index.php?rest_route=%2Fwp%2Fv2%2Fcomments&post=139899"}],"version-history":[{"count":0,"href":"https:\/\/archive.sana.sy\/tr\/index.php?rest_route=\/wp\/v2\/posts\/139899\/revisions"}],"wp:featuredmedia":[{"embeddable":true,"href":"https:\/\/archive.sana.sy\/tr\/index.php?rest_route=\/wp\/v2\/media\/139908"}],"wp:attachment":[{"href":"https:\/\/archive.sana.sy\/tr\/index.php?rest_route=%2Fwp%2Fv2%2Fmedia&parent=139899"}],"wp:term":[{"taxonomy":"category","embeddable":true,"href":"https:\/\/archive.sana.sy\/tr\/index.php?rest_route=%2Fwp%2Fv2%2Fcategories&post=139899"},{"taxonomy":"post_tag","embeddable":true,"href":"https:\/\/archive.sana.sy\/tr\/index.php?rest_route=%2Fwp%2Fv2%2Ftags&post=139899"}],"curies":[{"name":"wp","href":"https:\/\/api.w.org\/{rel}","templated":true}]}}