{"id":139910,"date":"2018-03-02T15:28:56","date_gmt":"2018-03-02T13:28:56","guid":{"rendered":"https:\/\/www.sana.sy\/tr\/?p=139910"},"modified":"2018-03-02T15:28:56","modified_gmt":"2018-03-02T13:28:56","slug":"rusyanin-astana-buyukelciligi-mustesari-aleksandr-musiyenko-rusya-disisleri-bakani-sergey-lavrov-iran-disisleri-bakani-muhammed-cevad-zarif-ve-turkiye-rejimi-disisleri-bakani-mevlut-cavusoglu","status":"publish","type":"post","link":"https:\/\/archive.sana.sy\/tr\/?p=139910","title":{"rendered":"Rusya&#8217;n\u0131n Astana B\u00fcy\u00fckel\u00e7ili\u011fi M\u00fcste\u015far\u0131 Aleksandr Musiyenko Rusya D\u0131\u015fi\u015fleri Bakan\u0131 Sergey Lavrov, \u0130ran D\u0131\u015fi\u015fleri Bakan\u0131 Muhammed Cevad Zarif ve T\u00fcrkiye rejimi D\u0131\u015fi\u015fleri Bakan\u0131 Mevl\u00fct \u00c7avu\u015fo\u011flu\u2019nun 16 Mart&#8217;ta Kazakistan&#8217;\u0131n ba\u015fkenti Astana&#8217;da bir araya gelece\u011fi a\u00e7\u0131klad\u0131"},"content":{"rendered":"<p>Rusya&#8217;n\u0131n Astana B\u00fcy\u00fckel\u00e7ili\u011fi M\u00fcste\u015far\u0131 Aleksandr Musiyenko Rusya D\u0131\u015fi\u015fleri Bakan\u0131 Sergey Lavrov, \u0130ran D\u0131\u015fi\u015fleri Bakan\u0131 Muhammed Cevad Zarif ve T\u00fcrkiye rejimi D\u0131\u015fi\u015fleri Bakan\u0131 Mevl\u00fct \u00c7avu\u015fo\u011flu\u2019nun 16 Mart&#8217;ta Kazakistan&#8217;\u0131n ba\u015fkenti Astana&#8217;da bir araya gelece\u011fi a\u00e7\u0131klad\u0131<\/p>\n","protected":false},"excerpt":{"rendered":"<p>Rusya&#8217;n\u0131n Astana B\u00fcy\u00fckel\u00e7ili\u011fi M\u00fcste\u015far\u0131 Aleksandr Musiyenko Rusya D\u0131\u015fi\u015fleri Bakan\u0131 Sergey Lavrov, \u0130ran D\u0131\u015fi\u015fleri Bakan\u0131 Muhammed Cevad Zarif ve T\u00fcrkiye rejimi D\u0131\u015fi\u015fleri Bakan\u0131 Mevl\u00fct \u00c7avu\u015fo\u011flu\u2019nun 16 Mart&#8217;ta Kazakistan&#8217;\u0131n ba\u015fkenti Astana&#8217;da bir araya gelece\u011fi a\u00e7\u0131klad\u0131<\/p>\n","protected":false},"author":1,"featured_media":0,"comment_status":"closed","ping_status":"closed","sticky":false,"template":"","format":"standard","meta":{"footnotes":""},"categories":[17991],"tags":[],"class_list":["post-139910","post","type-post","status-publish","format-standard","","category-son-dakika"],"_links":{"self":[{"href":"https:\/\/archive.sana.sy\/tr\/index.php?rest_route=\/wp\/v2\/posts\/139910","targetHints":{"allow":["GET"]}}],"collection":[{"href":"https:\/\/archive.sana.sy\/tr\/index.php?rest_route=\/wp\/v2\/posts"}],"about":[{"href":"https:\/\/archive.sana.sy\/tr\/index.php?rest_route=\/wp\/v2\/types\/post"}],"author":[{"embeddable":true,"href":"https:\/\/archive.sana.sy\/tr\/index.php?rest_route=\/wp\/v2\/users\/1"}],"replies":[{"embeddable":true,"href":"https:\/\/archive.sana.sy\/tr\/index.php?rest_route=%2Fwp%2Fv2%2Fcomments&post=139910"}],"version-history":[{"count":0,"href":"https:\/\/archive.sana.sy\/tr\/index.php?rest_route=\/wp\/v2\/posts\/139910\/revisions"}],"wp:attachment":[{"href":"https:\/\/archive.sana.sy\/tr\/index.php?rest_route=%2Fwp%2Fv2%2Fmedia&parent=139910"}],"wp:term":[{"taxonomy":"category","embeddable":true,"href":"https:\/\/archive.sana.sy\/tr\/index.php?rest_route=%2Fwp%2Fv2%2Fcategories&post=139910"},{"taxonomy":"post_tag","embeddable":true,"href":"https:\/\/archive.sana.sy\/tr\/index.php?rest_route=%2Fwp%2Fv2%2Ftags&post=139910"}],"curies":[{"name":"wp","href":"https:\/\/api.w.org\/{rel}","templated":true}]}}