{"id":139952,"date":"2018-03-03T12:23:25","date_gmt":"2018-03-03T10:23:25","guid":{"rendered":"https:\/\/www.sana.sy\/tr\/?p=139952"},"modified":"2018-03-04T12:10:01","modified_gmt":"2018-03-04T10:10:01","slug":"sivillerin-cikislarini-engellemeye-devam-ediyorlar","status":"publish","type":"post","link":"https:\/\/archive.sana.sy\/tr\/?p=139952","title":{"rendered":"Sivillerin \u00c7\u0131k\u0131\u015flar\u0131n\u0131 Engellemeye Devam Ediyorlar"},"content":{"rendered":"<p>\u015eAM KIRSALI \u2013 Ba\u015fkent \u015eam k\u0131rsal\u0131 Do\u011fu \u011euta B\u00f6lgesinde bulunan Nusra Cephesi ve onlara tabi ter\u00f6r \u00f6rg\u00fctleri rehine al\u0131p canl\u0131 kalkan olarak kulland\u0131klar\u0131 sivil vatanda\u015flar\u0131n tahliye edilmeleri i\u00e7in temin edilen insani koridora keskin ni\u015fanc\u0131 silahlar\u0131 ve roketlerle sald\u0131rmaya devam etti.<\/p>\n<p><a href=\"https:\/\/www.sana.sy\/tr\/wp-content\/uploads\/2018\/03\/3-7.jpg\"><img loading=\"lazy\" decoding=\"async\" class=\"alignright wp-image-139955 size-medium\" src=\"https:\/\/www.sana.sy\/tr\/wp-content\/uploads\/2018\/03\/3-7-300x204.jpg\" alt=\"\" width=\"300\" height=\"204\" srcset=\"https:\/\/archive.sana.sy\/tr\/wp-content\/uploads\/2018\/03\/3-7-300x204.jpg 300w, https:\/\/archive.sana.sy\/tr\/wp-content\/uploads\/2018\/03\/3-7-150x102.jpg 150w, https:\/\/archive.sana.sy\/tr\/wp-content\/uploads\/2018\/03\/3-7-110x75.jpg 110w, https:\/\/archive.sana.sy\/tr\/wp-content\/uploads\/2018\/03\/3-7.jpg 660w\" sizes=\"auto, (max-width: 300px) 100vw, 300px\" \/><\/a>Tahliye edilecek vatanda\u015flara acil t\u0131bbi yard\u0131mlar\u0131n yap\u0131lmas\u0131 ve daha sonra ge\u00e7ici ikamet merkezlerine aktar\u0131lmalar\u0131 i\u00e7in uzman ekiplerle birlikte ambulans ara\u00e7lar\u0131 ve otob\u00fcslerin bekletildi\u011fi Vafidin B\u00f6lgesinde SANA muhabiri; radikal ter\u00f6ristlerin bug\u00fcn yine \u00e7\u0131kmak isteyen vatanda\u015flar\u0131 silah zoruyla engellediklerini aktard\u0131.<\/p>\n<p>Muhabir 27 \u015eubat tarihinden beri ilan edilen insani mola kapsam\u0131nda operasyonlar\u0131n saat 09:00\u2019da ba\u015flamas\u0131ndan sadece iki saat sonra radikal ter\u00f6ristlerin \u00e7\u0131kmak isteyen sivillerin saflar\u0131nda deh\u015fet sa\u00e7mak ve \u00e7\u0131kmalar\u0131n\u0131 \u00f6nlemek i\u00e7in insani koridora keskin ni\u015fans\u0131 silahlar\u0131 ve havan roketleriyle sald\u0131rd\u0131klar\u0131n\u0131 belirtti. Muhabir ayr\u0131ca \u015fu ana dek insani koridordan kimsenin \u00e7\u0131kamad\u0131\u011f\u0131n\u0131 aktard\u0131.<\/p>\n","protected":false},"excerpt":{"rendered":"<p>\u015eAM KIRSALI \u2013 Ba\u015fkent \u015eam k\u0131rsal\u0131 Do\u011fu \u011euta B\u00f6lgesinde bulunan Nusra Cephesi ve onlara tabi ter\u00f6r \u00f6rg\u00fctleri rehine al\u0131p canl\u0131 kalkan olarak kulland\u0131klar\u0131 sivil vatanda\u015flar\u0131n tahliye edilmeleri i\u00e7in temin edilen insani koridora keskin ni\u015fanc\u0131 silahlar\u0131 ve roketlerle sald\u0131rmaya devam etti. Tahliye edilecek vatanda\u015flara acil t\u0131bbi yard\u0131mlar\u0131n yap\u0131lmas\u0131 ve daha sonra ge\u00e7ici ikamet merkezlerine aktar\u0131lmalar\u0131 i\u00e7in &hellip;<\/p>\n","protected":false},"author":1,"featured_media":139954,"comment_status":"closed","ping_status":"closed","sticky":false,"template":"","format":"standard","meta":{"footnotes":""},"categories":[479,575,17988,478],"tags":[17322,2755,2297,19034,22181],"class_list":["post-139952","post","type-post","status-publish","format-standard","has-post-thumbnail","","category-haberler-yerel","category-olaylar-ve-gercekler","category-son-haberler","category-yerel","tag-dogu-guta","tag-sam","tag-sam-kirsali","tag-suriyeli-muhalifler","tag-suriyeliler"],"_links":{"self":[{"href":"https:\/\/archive.sana.sy\/tr\/index.php?rest_route=\/wp\/v2\/posts\/139952","targetHints":{"allow":["GET"]}}],"collection":[{"href":"https:\/\/archive.sana.sy\/tr\/index.php?rest_route=\/wp\/v2\/posts"}],"about":[{"href":"https:\/\/archive.sana.sy\/tr\/index.php?rest_route=\/wp\/v2\/types\/post"}],"author":[{"embeddable":true,"href":"https:\/\/archive.sana.sy\/tr\/index.php?rest_route=\/wp\/v2\/users\/1"}],"replies":[{"embeddable":true,"href":"https:\/\/archive.sana.sy\/tr\/index.php?rest_route=%2Fwp%2Fv2%2Fcomments&post=139952"}],"version-history":[{"count":0,"href":"https:\/\/archive.sana.sy\/tr\/index.php?rest_route=\/wp\/v2\/posts\/139952\/revisions"}],"wp:featuredmedia":[{"embeddable":true,"href":"https:\/\/archive.sana.sy\/tr\/index.php?rest_route=\/wp\/v2\/media\/139954"}],"wp:attachment":[{"href":"https:\/\/archive.sana.sy\/tr\/index.php?rest_route=%2Fwp%2Fv2%2Fmedia&parent=139952"}],"wp:term":[{"taxonomy":"category","embeddable":true,"href":"https:\/\/archive.sana.sy\/tr\/index.php?rest_route=%2Fwp%2Fv2%2Fcategories&post=139952"},{"taxonomy":"post_tag","embeddable":true,"href":"https:\/\/archive.sana.sy\/tr\/index.php?rest_route=%2Fwp%2Fv2%2Ftags&post=139952"}],"curies":[{"name":"wp","href":"https:\/\/api.w.org\/{rel}","templated":true}]}}