{"id":139990,"date":"2018-03-03T16:27:04","date_gmt":"2018-03-03T14:27:04","guid":{"rendered":"https:\/\/www.sana.sy\/tr\/?p=139990"},"modified":"2018-03-04T16:35:15","modified_gmt":"2018-03-04T14:35:15","slug":"hasekede-umut-tomurcuklari-karnavali-duzenlendi","status":"publish","type":"post","link":"https:\/\/archive.sana.sy\/tr\/?p=139990","title":{"rendered":"Haseke\u2019de Umut Tomurcuklar\u0131 Karnaval\u0131 D\u00fczenlendi"},"content":{"rendered":"<p>HASEKE \u2013 Haseke\u2019de Emane Hay\u0131r Cemiyeti bug\u00fcn \u0130l \u00c7al\u0131\u015fma ve Sosyal \u0130\u015fler M\u00fcd\u00fcrl\u00fc\u011f\u00fc ile i\u015fbirli\u011fi i\u00e7inde \u2018Umut Tomurcuklar\u0131\u2019 slogan\u0131 alt\u0131nda e\u011flence, sanat, spor ve e\u011fitim faaliyetleri kapsayan bir karnaval d\u00fczenledi.<\/p>\n<p><a href=\"https:\/\/www.sana.sy\/tr\/wp-content\/uploads\/2018\/03\/4-5.jpg\"><img loading=\"lazy\" decoding=\"async\" class=\"alignright wp-image-139995 size-medium\" src=\"https:\/\/www.sana.sy\/tr\/wp-content\/uploads\/2018\/03\/4-5-300x191.jpg\" alt=\"\" width=\"300\" height=\"191\" srcset=\"https:\/\/archive.sana.sy\/tr\/wp-content\/uploads\/2018\/03\/4-5-300x191.jpg 300w, https:\/\/archive.sana.sy\/tr\/wp-content\/uploads\/2018\/03\/4-5-150x95.jpg 150w, https:\/\/archive.sana.sy\/tr\/wp-content\/uploads\/2018\/03\/4-5-768x488.jpg 768w, https:\/\/archive.sana.sy\/tr\/wp-content\/uploads\/2018\/03\/4-5-1024x651.jpg 1024w, https:\/\/archive.sana.sy\/tr\/wp-content\/uploads\/2018\/03\/4-5.jpg 1232w\" sizes=\"auto, (max-width: 300px) 100vw, 300px\" \/><\/a>Haseke \u0130l \u00c7al\u0131\u015fma ve Sosyal \u0130\u015fler M\u00fcd\u00fcr\u00fc \u0130sam H\u00fcseyin Spor Salonunda d\u00fczenlenen faaliyetlerde \u00f6zellikle \u015fehit \u00e7ocuklar\u0131 ba\u015fta olmak \u00fczere \u00e7ocuklara destek ama\u00e7l\u0131 oldu\u011funu belirtti. H\u00fcseyin \u00e7ocuklara gereken sosyal ve manevi deste\u011fin yan\u0131 s\u0131ra maddi deste\u011fin de temin edilmesine ciddi bir \u00f6zen g\u00f6sterildi\u011fini s\u00f6yledi.<\/p>\n<p>\u015eehit anneleri vatan\u0131n onuru ve egemenli\u011fi i\u00e7in canlar\u0131n\u0131 feda eden \u015fehitlerle gurur duyduklar\u0131n\u0131 ifade ederken, \u015fehit \u00e7ocuklar\u0131na destek ama\u00e7l\u0131 bu gibi faaliyetlerin \u00e7ocuklar a\u00e7\u0131s\u0131ndan sosyal \u00f6nemine i\u015faret etti.<\/p>\n<p>K.\u00d6.<\/p>\n<div id='gallery-1' class='gallery galleryid-139990 gallery-columns-3 gallery-size-thumbnail'><figure class='gallery-item'>\n\t\t\t<div class='gallery-icon landscape'>\n\t\t\t\t<a href='https:\/\/archive.sana.sy\/tr\/wp-content\/uploads\/2018\/03\/2-14.jpg'><img loading=\"lazy\" decoding=\"async\" width=\"150\" height=\"98\" src=\"https:\/\/archive.sana.sy\/tr\/wp-content\/uploads\/2018\/03\/2-14-150x98.jpg\" class=\"attachment-thumbnail size-thumbnail\" alt=\"\" srcset=\"https:\/\/archive.sana.sy\/tr\/wp-content\/uploads\/2018\/03\/2-14-150x98.jpg 150w, https:\/\/archive.sana.sy\/tr\/wp-content\/uploads\/2018\/03\/2-14-300x195.jpg 300w, https:\/\/archive.sana.sy\/tr\/wp-content\/uploads\/2018\/03\/2-14-768x500.jpg 768w, https:\/\/archive.sana.sy\/tr\/wp-content\/uploads\/2018\/03\/2-14-1024x667.jpg 1024w, https:\/\/archive.sana.sy\/tr\/wp-content\/uploads\/2018\/03\/2-14-310x205.jpg 310w, https:\/\/archive.sana.sy\/tr\/wp-content\/uploads\/2018\/03\/2-14.jpg 1280w\" sizes=\"auto, (max-width: 150px) 100vw, 150px\" \/><\/a>\n\t\t\t<\/div><\/figure><figure class='gallery-item'>\n\t\t\t<div class='gallery-icon landscape'>\n\t\t\t\t<a href='https:\/\/archive.sana.sy\/tr\/wp-content\/uploads\/2018\/03\/1-29.jpg'><img loading=\"lazy\" decoding=\"async\" width=\"150\" height=\"108\" src=\"https:\/\/archive.sana.sy\/tr\/wp-content\/uploads\/2018\/03\/1-29-150x108.jpg\" class=\"attachment-thumbnail size-thumbnail\" alt=\"\" srcset=\"https:\/\/archive.sana.sy\/tr\/wp-content\/uploads\/2018\/03\/1-29-150x108.jpg 150w, https:\/\/archive.sana.sy\/tr\/wp-content\/uploads\/2018\/03\/1-29-300x216.jpg 300w, https:\/\/archive.sana.sy\/tr\/wp-content\/uploads\/2018\/03\/1-29-768x552.jpg 768w, https:\/\/archive.sana.sy\/tr\/wp-content\/uploads\/2018\/03\/1-29-1024x736.jpg 1024w, https:\/\/archive.sana.sy\/tr\/wp-content\/uploads\/2018\/03\/1-29.jpg 1271w\" sizes=\"auto, (max-width: 150px) 100vw, 150px\" \/><\/a>\n\t\t\t<\/div><\/figure><figure class='gallery-item'>\n\t\t\t<div class='gallery-icon landscape'>\n\t\t\t\t<a href='https:\/\/archive.sana.sy\/tr\/wp-content\/uploads\/2018\/03\/5-4.jpg'><img loading=\"lazy\" decoding=\"async\" width=\"150\" height=\"109\" src=\"https:\/\/archive.sana.sy\/tr\/wp-content\/uploads\/2018\/03\/5-4-150x109.jpg\" class=\"attachment-thumbnail size-thumbnail\" alt=\"\" srcset=\"https:\/\/archive.sana.sy\/tr\/wp-content\/uploads\/2018\/03\/5-4-150x109.jpg 150w, https:\/\/archive.sana.sy\/tr\/wp-content\/uploads\/2018\/03\/5-4-300x218.jpg 300w, https:\/\/archive.sana.sy\/tr\/wp-content\/uploads\/2018\/03\/5-4-768x559.jpg 768w, https:\/\/archive.sana.sy\/tr\/wp-content\/uploads\/2018\/03\/5-4-1024x746.jpg 1024w, https:\/\/archive.sana.sy\/tr\/wp-content\/uploads\/2018\/03\/5-4.jpg 1280w\" sizes=\"auto, (max-width: 150px) 100vw, 150px\" \/><\/a>\n\t\t\t<\/div><\/figure>\n\t\t<\/div>\n\n","protected":false},"excerpt":{"rendered":"<p>HASEKE \u2013 Haseke\u2019de Emane Hay\u0131r Cemiyeti bug\u00fcn \u0130l \u00c7al\u0131\u015fma ve Sosyal \u0130\u015fler M\u00fcd\u00fcrl\u00fc\u011f\u00fc ile i\u015fbirli\u011fi i\u00e7inde \u2018Umut Tomurcuklar\u0131\u2019 slogan\u0131 alt\u0131nda e\u011flence, sanat, spor ve e\u011fitim faaliyetleri kapsayan bir karnaval d\u00fczenledi. Haseke \u0130l \u00c7al\u0131\u015fma ve Sosyal \u0130\u015fler M\u00fcd\u00fcr\u00fc \u0130sam H\u00fcseyin Spor Salonunda d\u00fczenlenen faaliyetlerde \u00f6zellikle \u015fehit \u00e7ocuklar\u0131 ba\u015fta olmak \u00fczere \u00e7ocuklara destek ama\u00e7l\u0131 oldu\u011funu belirtti. H\u00fcseyin &hellip;<\/p>\n","protected":false},"author":1,"featured_media":139991,"comment_status":"closed","ping_status":"closed","sticky":false,"template":"","format":"standard","meta":{"footnotes":""},"categories":[596,526,541,479,17988,525,538,478],"tags":[35245,1140,35246,35248,16591,22181,35247],"class_list":["post-139990","post","type-post","status-publish","format-standard","has-post-thumbnail","","category-fotografli-raporlar","category-haber-ve-raporlar","category-haberler","category-haberler-yerel","category-son-haberler","category-toplum","category-yasam","category-yerel","tag-emane-hayir-cemiyeti","tag-haseke","tag-il-calisma-ve-sosyal-isler-mudurlugu","tag-isam-huseyin-spor-salonu","tag-suriye","tag-suriyeliler","tag-umut-tomurcuklari"],"_links":{"self":[{"href":"https:\/\/archive.sana.sy\/tr\/index.php?rest_route=\/wp\/v2\/posts\/139990","targetHints":{"allow":["GET"]}}],"collection":[{"href":"https:\/\/archive.sana.sy\/tr\/index.php?rest_route=\/wp\/v2\/posts"}],"about":[{"href":"https:\/\/archive.sana.sy\/tr\/index.php?rest_route=\/wp\/v2\/types\/post"}],"author":[{"embeddable":true,"href":"https:\/\/archive.sana.sy\/tr\/index.php?rest_route=\/wp\/v2\/users\/1"}],"replies":[{"embeddable":true,"href":"https:\/\/archive.sana.sy\/tr\/index.php?rest_route=%2Fwp%2Fv2%2Fcomments&post=139990"}],"version-history":[{"count":0,"href":"https:\/\/archive.sana.sy\/tr\/index.php?rest_route=\/wp\/v2\/posts\/139990\/revisions"}],"wp:featuredmedia":[{"embeddable":true,"href":"https:\/\/archive.sana.sy\/tr\/index.php?rest_route=\/wp\/v2\/media\/139991"}],"wp:attachment":[{"href":"https:\/\/archive.sana.sy\/tr\/index.php?rest_route=%2Fwp%2Fv2%2Fmedia&parent=139990"}],"wp:term":[{"taxonomy":"category","embeddable":true,"href":"https:\/\/archive.sana.sy\/tr\/index.php?rest_route=%2Fwp%2Fv2%2Fcategories&post=139990"},{"taxonomy":"post_tag","embeddable":true,"href":"https:\/\/archive.sana.sy\/tr\/index.php?rest_route=%2Fwp%2Fv2%2Ftags&post=139990"}],"curies":[{"name":"wp","href":"https:\/\/api.w.org\/{rel}","templated":true}]}}