{"id":140080,"date":"2018-03-04T20:42:06","date_gmt":"2018-03-04T18:42:06","guid":{"rendered":"https:\/\/www.sana.sy\/tr\/?p=140080"},"modified":"2018-03-04T20:42:06","modified_gmt":"2018-03-04T18:42:06","slug":"cumhurbaskani-bessar-el-esad-basin-mensuplarina-yaptigi-aciklamalarda-insani-basliklar-altinda-suriyeye-karsi-yurutulen-siyasi-ve-medyatik-hamlenin-agir-yenilgiye-ugratilan-teror-ve-teroristleri-y","status":"publish","type":"post","link":"https:\/\/archive.sana.sy\/tr\/?p=140080","title":{"rendered":"Cumhurba\u015fkan\u0131 Be\u015f\u015far el Esad bas\u0131n mensuplar\u0131na yapt\u0131\u011f\u0131 a\u00e7\u0131klamalarda; insani ba\u015fl\u0131klar alt\u0131nda Suriye&#8217;ye kar\u015f\u0131 y\u00fcr\u00fct\u00fclen siyasi ve medyatik hamlenin; a\u011f\u0131r yenilgiye u\u011frat\u0131lan ter\u00f6r ve ter\u00f6ristleri yeniden g\u00fc\u00e7lendirme amac\u0131 ta\u015f\u0131d\u0131\u011f\u0131n\u0131 vurgulad\u0131"},"content":{"rendered":"<p>Cumhurba\u015fkan\u0131 Be\u015f\u015far el Esad bas\u0131n mensuplar\u0131na yapt\u0131\u011f\u0131 a\u00e7\u0131klamalarda; insani ba\u015fl\u0131klar alt\u0131nda Suriye&#8217;ye kar\u015f\u0131 y\u00fcr\u00fct\u00fclen siyasi ve medyatik hamlenin; a\u011f\u0131r yenilgiye u\u011frat\u0131lan ter\u00f6r ve ter\u00f6ristleri yeniden g\u00fc\u00e7lendirme amac\u0131 ta\u015f\u0131d\u0131\u011f\u0131n\u0131 vurgulad\u0131<\/p>\n","protected":false},"excerpt":{"rendered":"<p>Cumhurba\u015fkan\u0131 Be\u015f\u015far el Esad bas\u0131n mensuplar\u0131na yapt\u0131\u011f\u0131 a\u00e7\u0131klamalarda; insani ba\u015fl\u0131klar alt\u0131nda Suriye&#8217;ye kar\u015f\u0131 y\u00fcr\u00fct\u00fclen siyasi ve medyatik hamlenin; a\u011f\u0131r yenilgiye u\u011frat\u0131lan ter\u00f6r ve ter\u00f6ristleri yeniden g\u00fc\u00e7lendirme amac\u0131 ta\u015f\u0131d\u0131\u011f\u0131n\u0131 vurgulad\u0131<\/p>\n","protected":false},"author":1,"featured_media":0,"comment_status":"closed","ping_status":"closed","sticky":false,"template":"","format":"standard","meta":{"footnotes":""},"categories":[17991],"tags":[],"class_list":["post-140080","post","type-post","status-publish","format-standard","","category-son-dakika"],"_links":{"self":[{"href":"https:\/\/archive.sana.sy\/tr\/index.php?rest_route=\/wp\/v2\/posts\/140080","targetHints":{"allow":["GET"]}}],"collection":[{"href":"https:\/\/archive.sana.sy\/tr\/index.php?rest_route=\/wp\/v2\/posts"}],"about":[{"href":"https:\/\/archive.sana.sy\/tr\/index.php?rest_route=\/wp\/v2\/types\/post"}],"author":[{"embeddable":true,"href":"https:\/\/archive.sana.sy\/tr\/index.php?rest_route=\/wp\/v2\/users\/1"}],"replies":[{"embeddable":true,"href":"https:\/\/archive.sana.sy\/tr\/index.php?rest_route=%2Fwp%2Fv2%2Fcomments&post=140080"}],"version-history":[{"count":0,"href":"https:\/\/archive.sana.sy\/tr\/index.php?rest_route=\/wp\/v2\/posts\/140080\/revisions"}],"wp:attachment":[{"href":"https:\/\/archive.sana.sy\/tr\/index.php?rest_route=%2Fwp%2Fv2%2Fmedia&parent=140080"}],"wp:term":[{"taxonomy":"category","embeddable":true,"href":"https:\/\/archive.sana.sy\/tr\/index.php?rest_route=%2Fwp%2Fv2%2Fcategories&post=140080"},{"taxonomy":"post_tag","embeddable":true,"href":"https:\/\/archive.sana.sy\/tr\/index.php?rest_route=%2Fwp%2Fv2%2Ftags&post=140080"}],"curies":[{"name":"wp","href":"https:\/\/api.w.org\/{rel}","templated":true}]}}