{"id":140083,"date":"2018-03-04T20:44:36","date_gmt":"2018-03-04T18:44:36","guid":{"rendered":"https:\/\/www.sana.sy\/tr\/?p=140083"},"modified":"2018-03-04T20:44:36","modified_gmt":"2018-03-04T18:44:36","slug":"cumhurbaskani-el-esad-batililarin-suriyede-insani-durumlardan-soz-etmelerinin-mantiken-tek-bir-aciklamasi-ve-anlami-olduguna-dikkat-cekerken-bunun-da-suriye-ordusunun-terore-karsi-onemli-basarilar","status":"publish","type":"post","link":"https:\/\/archive.sana.sy\/tr\/?p=140083","title":{"rendered":"Cumhurba\u015fkan\u0131 el Esad Bat\u0131l\u0131lar\u0131n Suriye&#8217;de insani durumlardan s\u00f6z etmelerinin mant\u0131ken tek bir a\u00e7\u0131klamas\u0131 ve anlam\u0131 oldu\u011funa dikkat \u00e7ekerken, bunun da Suriye ordusunun ter\u00f6re kar\u015f\u0131 \u00f6nemli ba\u015far\u0131lar kaydetti\u011fi ve ter\u00f6ristleri a\u011f\u0131r kay\u0131plara u\u011fratt\u0131\u011f\u0131 anlam\u0131na geldi\u011fini belirtti."},"content":{"rendered":"<p>Cumhurba\u015fkan\u0131 el Esad Bat\u0131l\u0131lar\u0131n Suriye&#8217;de insani durumlardan s\u00f6z etmelerinin mant\u0131ken tek bir a\u00e7\u0131klamas\u0131 ve anlam\u0131 oldu\u011funa dikkat \u00e7ekerken, bunun da Suriye ordusunun ter\u00f6re kar\u015f\u0131 \u00f6nemli ba\u015far\u0131lar kaydetti\u011fi ve ter\u00f6ristleri a\u011f\u0131r kay\u0131plara u\u011fratt\u0131\u011f\u0131 anlam\u0131na geldi\u011fini belirtti.<\/p>\n","protected":false},"excerpt":{"rendered":"<p>Cumhurba\u015fkan\u0131 el Esad Bat\u0131l\u0131lar\u0131n Suriye&#8217;de insani durumlardan s\u00f6z etmelerinin mant\u0131ken tek bir a\u00e7\u0131klamas\u0131 ve anlam\u0131 oldu\u011funa dikkat \u00e7ekerken, bunun da Suriye ordusunun ter\u00f6re kar\u015f\u0131 \u00f6nemli ba\u015far\u0131lar kaydetti\u011fi ve ter\u00f6ristleri a\u011f\u0131r kay\u0131plara u\u011fratt\u0131\u011f\u0131 anlam\u0131na geldi\u011fini belirtti.<\/p>\n","protected":false},"author":1,"featured_media":0,"comment_status":"closed","ping_status":"closed","sticky":false,"template":"","format":"standard","meta":{"footnotes":""},"categories":[17991],"tags":[],"class_list":["post-140083","post","type-post","status-publish","format-standard","","category-son-dakika"],"_links":{"self":[{"href":"https:\/\/archive.sana.sy\/tr\/index.php?rest_route=\/wp\/v2\/posts\/140083","targetHints":{"allow":["GET"]}}],"collection":[{"href":"https:\/\/archive.sana.sy\/tr\/index.php?rest_route=\/wp\/v2\/posts"}],"about":[{"href":"https:\/\/archive.sana.sy\/tr\/index.php?rest_route=\/wp\/v2\/types\/post"}],"author":[{"embeddable":true,"href":"https:\/\/archive.sana.sy\/tr\/index.php?rest_route=\/wp\/v2\/users\/1"}],"replies":[{"embeddable":true,"href":"https:\/\/archive.sana.sy\/tr\/index.php?rest_route=%2Fwp%2Fv2%2Fcomments&post=140083"}],"version-history":[{"count":0,"href":"https:\/\/archive.sana.sy\/tr\/index.php?rest_route=\/wp\/v2\/posts\/140083\/revisions"}],"wp:attachment":[{"href":"https:\/\/archive.sana.sy\/tr\/index.php?rest_route=%2Fwp%2Fv2%2Fmedia&parent=140083"}],"wp:term":[{"taxonomy":"category","embeddable":true,"href":"https:\/\/archive.sana.sy\/tr\/index.php?rest_route=%2Fwp%2Fv2%2Fcategories&post=140083"},{"taxonomy":"post_tag","embeddable":true,"href":"https:\/\/archive.sana.sy\/tr\/index.php?rest_route=%2Fwp%2Fv2%2Ftags&post=140083"}],"curies":[{"name":"wp","href":"https:\/\/api.w.org\/{rel}","templated":true}]}}